{"id":19004,"date":"2025-09-22T11:08:08","date_gmt":"2025-09-22T09:08:08","guid":{"rendered":"https:\/\/braun-windturbinen.com\/schleswig-holstein-la-ou-le-vent-est-de-mise-et-cest-exactement-ce-vent-que-nous-avons-maintenant-capture\/"},"modified":"2025-09-22T11:08:16","modified_gmt":"2025-09-22T09:08:16","slug":"schleswig-holstein-la-ou-le-vent-est-de-mise-et-cest-exactement-ce-vent-que-nous-avons-maintenant-capture","status":"publish","type":"post","link":"https:\/\/braun-windturbinen.com\/fr\/schleswig-holstein-la-ou-le-vent-est-de-mise-et-cest-exactement-ce-vent-que-nous-avons-maintenant-capture\/","title":{"rendered":"Schleswig-Holstein \u2013 l\u00e0 o\u00f9 le vent est de mise. Et c\u2019est exactement ce vent que nous avons maintenant captur\u00e9 !"},"content":{"rendered":"\n<p>Notre derni\u00e8re petite \u00e9olienne Antaris de 5,5 kW (D 4,40 m) tr\u00f4ne sur un m\u00e2t inclinable de 9,20 m et transforme la puissance de la nature en \u00e9nergie propre.  <br \/>Int\u00e9gr\u00e9 dans un syst\u00e8me hybride moderne avec une installation photovolta\u00efque, un stockage par batterie et un Antaris 3,5 kW existant, un concept \u00e9nerg\u00e9tique est en train de na\u00eetre ici qui donne une r\u00e9elle ind\u00e9pendance.<\/p>\n\n<p>C\u0153ur de l\u2019\u00e9tablissement :<br \/>Le puissant onduleur FIMER UNO de 4,6 kW qui apporte parfaitement l\u2019\u00e9nergie \u00e9olienne au r\u00e9seau de mani\u00e8re fiable, efficace et robuste.<\/p>\n\n<p>Pour nous, cela signifie plus que de la technologie.<br \/>C\u2019est l\u2019enthousiasme. C\u2019est un plaisir de transformer le vent en \u00e9nergie tangible et durable.<br \/>Nos clients misent sur le \u00ab Made in Germany \u00bb \u2013 sur une qualit\u00e9 qui fait ses preuves m\u00eame dans des conditions difficiles. <\/p>\n\n<p>Curieux?<\/p>\n\n<p>Vers l\u2019onduleur : <a href=\"https:\/\/braun-windturbinen.com\/fr\/produits\/onduleur\/\">https:\/\/braun-windturbinen.com\/produkte\/wind-wechselrichter\/<\/a><\/p>\n\n<p>\u00c0 propos de l\u2019\u00e9olienne : <a href=\"https:\/\/braun-windturbinen.com\/fr\/produits\/petites-eoliennes-antaris\/antaris-55-kw\/\">https:\/\/braun-windturbinen.com\/produkte\/antaris-kleinwindanlagen\/antaris-5-5-kw\/<\/a><\/p>\n\n<p>Au g\u00e9n\u00e9rateur : <a href=\"https:\/\/braun-windturbinen.com\/fr\/produits\/generateurs\/\">https:\/\/braun-windturbinen.com\/produkte\/generatoren\/<\/a><\/p>\n\n<p>Vous avez des questions sur le projet ? Appelez-nous, nous nous ferons un plaisir de vous conseiller.<br \/>Joie du vent avec les \u00e9oliennes Antaris !<\/p>\n\n<figure class=\"wp-block-image size-full\"><a href=\"https:\/\/braun-windturbinen.com\/wp-content\/uploads\/Fundamentaushub.jpeg\" rel=\"lightbox[19004]\"><img fetchpriority=\"high\" decoding=\"async\" width=\"900\" height=\"675\" src=\"https:\/\/braun-windturbinen.com\/wp-content\/uploads\/Fundamentaushub.jpeg\" alt=\"\" class=\"wp-image-18978\" srcset=\"https:\/\/braun-windturbinen.com\/wp-content\/uploads\/Fundamentaushub.jpeg 900w, https:\/\/braun-windturbinen.com\/wp-content\/uploads\/Fundamentaushub-300x225.jpeg 300w, https:\/\/braun-windturbinen.com\/wp-content\/uploads\/Fundamentaushub-150x113.jpeg 150w, https:\/\/braun-windturbinen.com\/wp-content\/uploads\/Fundamentaushub-768x576.jpeg 768w\" sizes=\"(max-width: 900px) 100vw, 900px\" \/><\/a><\/figure>\n\n<figure class=\"wp-block-image size-full\"><a href=\"https:\/\/braun-windturbinen.com\/wp-content\/uploads\/Bewehrung.jpeg\" rel=\"lightbox[19004]\"><img decoding=\"async\" width=\"675\" height=\"900\" src=\"https:\/\/braun-windturbinen.com\/wp-content\/uploads\/Bewehrung.jpeg\" alt=\"\" class=\"wp-image-18981\" srcset=\"https:\/\/braun-windturbinen.com\/wp-content\/uploads\/Bewehrung.jpeg 675w, https:\/\/braun-windturbinen.com\/wp-content\/uploads\/Bewehrung-225x300.jpeg 225w, https:\/\/braun-windturbinen.com\/wp-content\/uploads\/Bewehrung-113x150.jpeg 113w\" sizes=\"(max-width: 675px) 100vw, 675px\" \/><\/a><\/figure>\n\n<figure class=\"wp-block-image size-full\"><a href=\"https:\/\/braun-windturbinen.com\/wp-content\/uploads\/Fundament-mit-Blitzschutz.jpeg\" rel=\"lightbox[19004]\"><img decoding=\"async\" width=\"900\" height=\"441\" src=\"https:\/\/braun-windturbinen.com\/wp-content\/uploads\/Fundament-mit-Blitzschutz.jpeg\" alt=\"\" class=\"wp-image-18984\" srcset=\"https:\/\/braun-windturbinen.com\/wp-content\/uploads\/Fundament-mit-Blitzschutz.jpeg 900w, https:\/\/braun-windturbinen.com\/wp-content\/uploads\/Fundament-mit-Blitzschutz-300x147.jpeg 300w, https:\/\/braun-windturbinen.com\/wp-content\/uploads\/Fundament-mit-Blitzschutz-150x74.jpeg 150w, https:\/\/braun-windturbinen.com\/wp-content\/uploads\/Fundament-mit-Blitzschutz-768x376.jpeg 768w\" sizes=\"(max-width: 900px) 100vw, 900px\" \/><\/a><\/figure>\n\n<figure class=\"wp-block-image size-full\"><a href=\"https:\/\/braun-windturbinen.com\/wp-content\/uploads\/Kippmastmontage.jpeg\" rel=\"lightbox[19004]\"><img loading=\"lazy\" decoding=\"async\" width=\"900\" height=\"592\" src=\"https:\/\/braun-windturbinen.com\/wp-content\/uploads\/Kippmastmontage.jpeg\" alt=\"\" class=\"wp-image-18987\" srcset=\"https:\/\/braun-windturbinen.com\/wp-content\/uploads\/Kippmastmontage.jpeg 900w, https:\/\/braun-windturbinen.com\/wp-content\/uploads\/Kippmastmontage-300x197.jpeg 300w, https:\/\/braun-windturbinen.com\/wp-content\/uploads\/Kippmastmontage-150x99.jpeg 150w, https:\/\/braun-windturbinen.com\/wp-content\/uploads\/Kippmastmontage-768x505.jpeg 768w\" sizes=\"(max-width: 900px) 100vw, 900px\" \/><\/a><\/figure>\n\n<figure class=\"wp-block-image size-full\"><a href=\"https:\/\/braun-windturbinen.com\/wp-content\/uploads\/Kippmasten.jpeg\" rel=\"lightbox[19004]\"><img loading=\"lazy\" decoding=\"async\" width=\"900\" height=\"344\" src=\"https:\/\/braun-windturbinen.com\/wp-content\/uploads\/Kippmasten.jpeg\" alt=\"\" class=\"wp-image-18990\" srcset=\"https:\/\/braun-windturbinen.com\/wp-content\/uploads\/Kippmasten.jpeg 900w, https:\/\/braun-windturbinen.com\/wp-content\/uploads\/Kippmasten-300x115.jpeg 300w, https:\/\/braun-windturbinen.com\/wp-content\/uploads\/Kippmasten-150x57.jpeg 150w, https:\/\/braun-windturbinen.com\/wp-content\/uploads\/Kippmasten-768x294.jpeg 768w\" sizes=\"(max-width: 900px) 100vw, 900px\" \/><\/a><\/figure>\n\n<figure class=\"wp-block-image size-full\"><a href=\"https:\/\/braun-windturbinen.com\/wp-content\/uploads\/Schrank-mit-UNO-4.6.jpeg\" rel=\"lightbox[19004]\"><img loading=\"lazy\" decoding=\"async\" width=\"634\" height=\"900\" src=\"https:\/\/braun-windturbinen.com\/wp-content\/uploads\/Schrank-mit-UNO-4.6.jpeg\" alt=\"\" class=\"wp-image-18993\" srcset=\"https:\/\/braun-windturbinen.com\/wp-content\/uploads\/Schrank-mit-UNO-4.6.jpeg 634w, https:\/\/braun-windturbinen.com\/wp-content\/uploads\/Schrank-mit-UNO-4.6-211x300.jpeg 211w, https:\/\/braun-windturbinen.com\/wp-content\/uploads\/Schrank-mit-UNO-4.6-106x150.jpeg 106w\" sizes=\"(max-width: 634px) 100vw, 634px\" \/><\/a><\/figure>\n\n<figure class=\"wp-block-image size-full\"><a href=\"https:\/\/braun-windturbinen.com\/wp-content\/uploads\/Antaris-5.5-auf-9.20m-Masten.jpeg\" rel=\"lightbox[19004]\"><img loading=\"lazy\" decoding=\"async\" width=\"637\" height=\"900\" src=\"https:\/\/braun-windturbinen.com\/wp-content\/uploads\/Antaris-5.5-auf-9.20m-Masten.jpeg\" alt=\"\" class=\"wp-image-18996\" srcset=\"https:\/\/braun-windturbinen.com\/wp-content\/uploads\/Antaris-5.5-auf-9.20m-Masten.jpeg 637w, https:\/\/braun-windturbinen.com\/wp-content\/uploads\/Antaris-5.5-auf-9.20m-Masten-212x300.jpeg 212w, https:\/\/braun-windturbinen.com\/wp-content\/uploads\/Antaris-5.5-auf-9.20m-Masten-106x150.jpeg 106w\" sizes=\"(max-width: 637px) 100vw, 637px\" \/><\/a><\/figure>\n\n<figure class=\"wp-block-image size-full\"><a href=\"https:\/\/braun-windturbinen.com\/wp-content\/uploads\/Antaris-5.5kW.jpeg\" rel=\"lightbox[19004]\"><img loading=\"lazy\" decoding=\"async\" width=\"554\" height=\"900\" src=\"https:\/\/braun-windturbinen.com\/wp-content\/uploads\/Antaris-5.5kW.jpeg\" alt=\"\" class=\"wp-image-18999\" srcset=\"https:\/\/braun-windturbinen.com\/wp-content\/uploads\/Antaris-5.5kW.jpeg 554w, https:\/\/braun-windturbinen.com\/wp-content\/uploads\/Antaris-5.5kW-185x300.jpeg 185w, https:\/\/braun-windturbinen.com\/wp-content\/uploads\/Antaris-5.5kW-92x150.jpeg 92w\" sizes=\"(max-width: 554px) 100vw, 554px\" \/><\/a><\/figure>\n","protected":false},"excerpt":{"rendered":"<p>Notre derni\u00e8re petite \u00e9olienne Antaris de 5,5 kW (D 4,40 m) tr\u00f4ne sur un m\u00e2t inclinable de 9,20 m et transforme la puissance de la nature en \u00e9nergie propre. Int\u00e9gr\u00e9 dans un syst\u00e8me hybride moderne avec une installation photovolta\u00efque, un stockage par batterie et un Antaris 3,5 kW existant, un concept \u00e9nerg\u00e9tique est en train [&hellip;]<\/p>\n","protected":false},"author":5351,"featured_media":19001,"comment_status":"closed","ping_status":"open","sticky":false,"template":"","format":"standard","meta":{"footnotes":""},"categories":[363],"tags":[371,364,373],"class_list":["post-19004","post","type-post","status-publish","format-standard","has-post-thumbnail","hentry","category-generalites","tag-antaris-55-kw","tag-petite-eolienne","tag-petites-eoliennes-antaris"],"_links":{"self":[{"href":"https:\/\/braun-windturbinen.com\/fr\/wp-json\/wp\/v2\/posts\/19004","targetHints":{"allow":["GET"]}}],"collection":[{"href":"https:\/\/braun-windturbinen.com\/fr\/wp-json\/wp\/v2\/posts"}],"about":[{"href":"https:\/\/braun-windturbinen.com\/fr\/wp-json\/wp\/v2\/types\/post"}],"author":[{"embeddable":true,"href":"https:\/\/braun-windturbinen.com\/fr\/wp-json\/wp\/v2\/users\/5351"}],"replies":[{"embeddable":true,"href":"https:\/\/braun-windturbinen.com\/fr\/wp-json\/wp\/v2\/comments?post=19004"}],"version-history":[{"count":1,"href":"https:\/\/braun-windturbinen.com\/fr\/wp-json\/wp\/v2\/posts\/19004\/revisions"}],"predecessor-version":[{"id":19006,"href":"https:\/\/braun-windturbinen.com\/fr\/wp-json\/wp\/v2\/posts\/19004\/revisions\/19006"}],"wp:featuredmedia":[{"embeddable":true,"href":"https:\/\/braun-windturbinen.com\/fr\/wp-json\/wp\/v2\/media\/19001"}],"wp:attachment":[{"href":"https:\/\/braun-windturbinen.com\/fr\/wp-json\/wp\/v2\/media?parent=19004"}],"wp:term":[{"taxonomy":"category","embeddable":true,"href":"https:\/\/braun-windturbinen.com\/fr\/wp-json\/wp\/v2\/categories?post=19004"},{"taxonomy":"post_tag","embeddable":true,"href":"https:\/\/braun-windturbinen.com\/fr\/wp-json\/wp\/v2\/tags?post=19004"}],"curies":[{"name":"wp","href":"https:\/\/api.w.org\/{rel}","templated":true}]}}