{"id":18382,"date":"2021-04-21T09:56:18","date_gmt":"2021-04-21T07:56:18","guid":{"rendered":"https:\/\/braun-windturbinen.com\/lantaris-12-kw-dans-le-quartier-borken\/"},"modified":"2025-04-08T18:44:06","modified_gmt":"2025-04-08T16:44:06","slug":"lantaris-12-kw-dans-le-quartier-borken","status":"publish","type":"post","link":"https:\/\/braun-windturbinen.com\/fr\/lantaris-12-kw-dans-le-quartier-borken\/","title":{"rendered":"L\u2019ANTARIS 12 kW dans le quartier Borken"},"content":{"rendered":"\n<p>L\u2019\u00e9olienne existante y a \u00e9t\u00e9 d\u00e9mont\u00e9e et remplac\u00e9e par l\u2019ANTARIS 12 kW.<br \/>Un adaptateur de m\u00e2t assorti a \u00e9t\u00e9 fourni imm\u00e9diatement et tout s\u2019est parfaitement ajust\u00e9 lors du montage, pour le plus grand plaisir du client.<br \/>La hauteur du moyeu est ainsi de 26m.<br \/>Notre client (<a href=\"https:\/\/www.elektrokass.de\/\" target=\"_blank\" rel=\"noopener\">https:\/\/www.elektrokass.de\/<\/a>) l\u2019a install\u00e9 lui-m\u00eame, respect et reconnaissance pour celui-ci.<br \/>Le syst\u00e8me fonctionne en 3 phases parall\u00e8les au r\u00e9seau avec le Smart\u00a0!wind SW10 (<a href=\"https:\/\/smart-power-electronics.de\/\" target=\"_blank\" rel=\"noopener\">https:\/\/smart-power-electronics.de\/<\/a>).<\/p>\n\n<p>Si vous avez des questions sur le projet, n\u2019h\u00e9sitez pas \u00e0 nous appeler !<\/p>\n\n<p><em>Joie du vent avec les \u00e9oliennes ANTARIS.<\/em><\/p>\n\n<figure class=\"wp-block-gallery has-nested-images columns-6 is-cropped wp-block-gallery-1 is-layout-flex wp-block-gallery-is-layout-flex\">\n<figure class=\"wp-block-image size-large\"><a href=\"https:\/\/braun-windturbinen.com\/wp-content\/uploads\/23m-Masten-am-Boden.jpg\" rel=\"lightbox[18382]\"><img fetchpriority=\"high\" decoding=\"async\" width=\"600\" height=\"481\" data-id=\"6166\" src=\"https:\/\/braun-windturbinen.com\/wp-content\/uploads\/\/23m-Masten-am-Boden-600x481.jpg\" alt=\"\" class=\"wp-image-6166\" srcset=\"https:\/\/braun-windturbinen.com\/wp-content\/uploads\/23m-Masten-am-Boden-600x481.jpg 600w, https:\/\/braun-windturbinen.com\/wp-content\/uploads\/23m-Masten-am-Boden-300x240.jpg 300w, https:\/\/braun-windturbinen.com\/wp-content\/uploads\/23m-Masten-am-Boden-150x120.jpg 150w, https:\/\/braun-windturbinen.com\/wp-content\/uploads\/23m-Masten-am-Boden-768x615.jpg 768w, https:\/\/braun-windturbinen.com\/wp-content\/uploads\/23m-Masten-am-Boden.jpg 900w\" sizes=\"(max-width: 600px) 100vw, 600px\" \/><\/a><figcaption class=\"wp-element-caption\">Montage sur m\u00e2t de 25 m<\/figcaption><\/figure>\n\n\n\n<figure class=\"wp-block-image size-large\"><a href=\"https:\/\/braun-windturbinen.com\/wp-content\/uploads\/Abgespannter-Masten.jpg\" rel=\"lightbox[18382]\"><img decoding=\"async\" width=\"600\" height=\"417\" data-id=\"6178\" src=\"https:\/\/braun-windturbinen.com\/wp-content\/uploads\/\/Abgespannter-Masten-600x417.jpg\" alt=\"\" class=\"wp-image-6178\" srcset=\"https:\/\/braun-windturbinen.com\/wp-content\/uploads\/Abgespannter-Masten-600x417.jpg 600w, https:\/\/braun-windturbinen.com\/wp-content\/uploads\/Abgespannter-Masten-300x209.jpg 300w, https:\/\/braun-windturbinen.com\/wp-content\/uploads\/Abgespannter-Masten-150x104.jpg 150w, https:\/\/braun-windturbinen.com\/wp-content\/uploads\/Abgespannter-Masten-768x534.jpg 768w, https:\/\/braun-windturbinen.com\/wp-content\/uploads\/Abgespannter-Masten.jpg 900w\" sizes=\"(max-width: 600px) 100vw, 600px\" \/><\/a><\/figure>\n\n\n\n<figure class=\"wp-block-image size-large is-style-default\"><a href=\"https:\/\/braun-windturbinen.com\/wp-content\/uploads\/Montage-Kippelement.jpg\" rel=\"lightbox[18382]\"><img decoding=\"async\" width=\"600\" height=\"499\" data-id=\"6171\" src=\"https:\/\/braun-windturbinen.com\/wp-content\/uploads\/\/Montage-Kippelement-600x499.jpg\" alt=\"\" class=\"wp-image-6171\" srcset=\"https:\/\/braun-windturbinen.com\/wp-content\/uploads\/Montage-Kippelement-600x499.jpg 600w, https:\/\/braun-windturbinen.com\/wp-content\/uploads\/Montage-Kippelement-300x249.jpg 300w, https:\/\/braun-windturbinen.com\/wp-content\/uploads\/Montage-Kippelement-150x125.jpg 150w, https:\/\/braun-windturbinen.com\/wp-content\/uploads\/Montage-Kippelement-768x638.jpg 768w, https:\/\/braun-windturbinen.com\/wp-content\/uploads\/Montage-Kippelement.jpg 900w\" sizes=\"(max-width: 600px) 100vw, 600px\" \/><\/a><figcaption class=\"wp-element-caption\">Montage de l\u2019\u00e9l\u00e9ment basculant avec g\u00e9n\u00e9rateur<\/figcaption><\/figure>\n\n\n\n<figure class=\"wp-block-image size-large\"><a href=\"https:\/\/braun-windturbinen.com\/wp-content\/uploads\/Montage-Windfahne.jpg\" rel=\"lightbox[18382]\"><img loading=\"lazy\" decoding=\"async\" width=\"600\" height=\"397\" data-id=\"6170\" src=\"https:\/\/braun-windturbinen.com\/wp-content\/uploads\/\/Montage-Windfahne-600x397.jpg\" alt=\"\" class=\"wp-image-6170\" srcset=\"https:\/\/braun-windturbinen.com\/wp-content\/uploads\/Montage-Windfahne-600x397.jpg 600w, https:\/\/braun-windturbinen.com\/wp-content\/uploads\/Montage-Windfahne-300x198.jpg 300w, https:\/\/braun-windturbinen.com\/wp-content\/uploads\/Montage-Windfahne-150x99.jpg 150w, https:\/\/braun-windturbinen.com\/wp-content\/uploads\/Montage-Windfahne-768x508.jpg 768w, https:\/\/braun-windturbinen.com\/wp-content\/uploads\/Montage-Windfahne.jpg 900w\" sizes=\"(max-width: 600px) 100vw, 600px\" \/><\/a><figcaption class=\"wp-element-caption\">Installation de la fl\u00e8che girouette<\/figcaption><\/figure>\n\n\n\n<figure class=\"wp-block-image size-large\"><a href=\"https:\/\/braun-windturbinen.com\/wp-content\/uploads\/Montage-Repeller.jpg\" rel=\"lightbox[18382]\"><img loading=\"lazy\" decoding=\"async\" width=\"600\" height=\"479\" data-id=\"6183\" src=\"https:\/\/braun-windturbinen.com\/wp-content\/uploads\/\/Montage-Repeller-600x479.jpg\" alt=\"\" class=\"wp-image-6183\" srcset=\"https:\/\/braun-windturbinen.com\/wp-content\/uploads\/Montage-Repeller-600x479.jpg 600w, https:\/\/braun-windturbinen.com\/wp-content\/uploads\/Montage-Repeller-300x239.jpg 300w, https:\/\/braun-windturbinen.com\/wp-content\/uploads\/Montage-Repeller-150x120.jpg 150w, https:\/\/braun-windturbinen.com\/wp-content\/uploads\/Montage-Repeller-768x613.jpg 768w, https:\/\/braun-windturbinen.com\/wp-content\/uploads\/Montage-Repeller.jpg 900w\" sizes=\"(max-width: 600px) 100vw, 600px\" \/><\/a><\/figure>\n\n\n\n<figure class=\"wp-block-image size-large\"><a href=\"https:\/\/braun-windturbinen.com\/wp-content\/uploads\/Montage-fast-fertig.jpg\" rel=\"lightbox[18382]\"><img loading=\"lazy\" decoding=\"async\" width=\"600\" height=\"386\" data-id=\"6168\" src=\"https:\/\/braun-windturbinen.com\/wp-content\/uploads\/\/Montage-fast-fertig-600x386.jpg\" alt=\"\" class=\"wp-image-6168\" srcset=\"https:\/\/braun-windturbinen.com\/wp-content\/uploads\/Montage-fast-fertig-600x386.jpg 600w, https:\/\/braun-windturbinen.com\/wp-content\/uploads\/Montage-fast-fertig-300x193.jpg 300w, https:\/\/braun-windturbinen.com\/wp-content\/uploads\/Montage-fast-fertig-150x97.jpg 150w, https:\/\/braun-windturbinen.com\/wp-content\/uploads\/Montage-fast-fertig-768x494.jpg 768w, https:\/\/braun-windturbinen.com\/wp-content\/uploads\/Montage-fast-fertig.jpg 900w\" sizes=\"(max-width: 600px) 100vw, 600px\" \/><\/a><figcaption class=\"wp-element-caption\">Antaris 12 kW mont\u00e9<\/figcaption><\/figure>\n\n\n\n<figure class=\"wp-block-image size-large\"><a href=\"https:\/\/braun-windturbinen.com\/wp-content\/uploads\/Montage-seitlich.jpg\" rel=\"lightbox[18382]\"><img loading=\"lazy\" decoding=\"async\" width=\"600\" height=\"355\" data-id=\"6184\" src=\"https:\/\/braun-windturbinen.com\/wp-content\/uploads\/\/Montage-seitlich-600x355.jpg\" alt=\"\" class=\"wp-image-6184\" srcset=\"https:\/\/braun-windturbinen.com\/wp-content\/uploads\/Montage-seitlich-600x355.jpg 600w, https:\/\/braun-windturbinen.com\/wp-content\/uploads\/Montage-seitlich-300x177.jpg 300w, https:\/\/braun-windturbinen.com\/wp-content\/uploads\/Montage-seitlich-150x89.jpg 150w, https:\/\/braun-windturbinen.com\/wp-content\/uploads\/Montage-seitlich-768x454.jpg 768w, https:\/\/braun-windturbinen.com\/wp-content\/uploads\/Montage-seitlich.jpg 900w\" sizes=\"(max-width: 600px) 100vw, 600px\" \/><\/a><\/figure>\n\n\n\n<figure class=\"wp-block-image size-large\"><a href=\"https:\/\/braun-windturbinen.com\/wp-content\/uploads\/Antaris-ohne-Geh&#xE4;use.jpg\" rel=\"lightbox[18382]\"><img decoding=\"async\" data-id=\"6167\" src=\"https:\/\/braun-windturbinen.com\/wp-content\/uploads\/Antaris-ohne-Geh&#xE4;use-600x337.jpg\" alt=\"\" class=\"wp-image-6167\"\/><\/a><figcaption class=\"wp-element-caption\">Antaris 12kW avec g\u00e9n\u00e9rateur CK18 G\u00e9n\u00e9rateur<\/figcaption><\/figure>\n\n\n\n<figure class=\"wp-block-image size-thumbnail\"><a href=\"https:\/\/braun-windturbinen.com\/wp-content\/uploads\/Braking-Box-mit-Mini-PC-rotated.jpg\" rel=\"lightbox[18382]\"><img loading=\"lazy\" decoding=\"async\" width=\"113\" height=\"150\" data-id=\"6180\" src=\"https:\/\/braun-windturbinen.com\/wp-content\/uploads\/Braking-Box-mit-Mini-PC-113x150.jpg\" alt=\"\" class=\"wp-image-6180\" srcset=\"https:\/\/braun-windturbinen.com\/wp-content\/uploads\/Braking-Box-mit-Mini-PC-113x150.jpg 113w, https:\/\/braun-windturbinen.com\/wp-content\/uploads\/Braking-Box-mit-Mini-PC-225x300.jpg 225w, https:\/\/braun-windturbinen.com\/wp-content\/uploads\/Braking-Box-mit-Mini-PC-450x600.jpg 450w, https:\/\/braun-windturbinen.com\/wp-content\/uploads\/Braking-Box-mit-Mini-PC-rotated.jpg 480w\" sizes=\"(max-width: 113px) 100vw, 113px\" \/><\/a><\/figure>\n\n\n\n<figure class=\"wp-block-image size-large\"><a href=\"https:\/\/braun-windturbinen.com\/wp-content\/uploads\/Smartwind-SW10-6.jpg\" rel=\"lightbox[18382]\"><img loading=\"lazy\" decoding=\"async\" width=\"480\" height=\"523\" data-id=\"6169\" src=\"https:\/\/braun-windturbinen.com\/wp-content\/uploads\/Smartwind-SW10-6.jpg\" alt=\"\" class=\"wp-image-6169\" srcset=\"https:\/\/braun-windturbinen.com\/wp-content\/uploads\/Smartwind-SW10-6.jpg 480w, https:\/\/braun-windturbinen.com\/wp-content\/uploads\/Smartwind-SW10-6-275x300.jpg 275w, https:\/\/braun-windturbinen.com\/wp-content\/uploads\/Smartwind-SW10-6-138x150.jpg 138w\" sizes=\"(max-width: 480px) 100vw, 480px\" \/><\/a><figcaption class=\"wp-element-caption\">Smartwind SW10 avec bo\u00eetier de freinage et PC<\/figcaption><\/figure>\n<\/figure>\n","protected":false},"excerpt":{"rendered":"<p>L\u2019\u00e9olienne existante y a \u00e9t\u00e9 d\u00e9mont\u00e9e et remplac\u00e9e par l\u2019ANTARIS 12 kW.Un adaptateur de m\u00e2t assorti a \u00e9t\u00e9 fourni imm\u00e9diatement et tout s\u2019est parfaitement ajust\u00e9 lors du montage, pour le plus grand plaisir du client.La hauteur du moyeu est ainsi de 26m.Notre client (https:\/\/www.elektrokass.de\/) l\u2019a install\u00e9 lui-m\u00eame, respect et reconnaissance pour celui-ci.Le syst\u00e8me fonctionne en [&hellip;]<\/p>\n","protected":false},"author":1,"featured_media":14337,"comment_status":"closed","ping_status":"open","sticky":false,"template":"","format":"standard","meta":{"footnotes":""},"categories":[363],"tags":[],"class_list":["post-18382","post","type-post","status-publish","format-standard","has-post-thumbnail","hentry","category-generalites"],"_links":{"self":[{"href":"https:\/\/braun-windturbinen.com\/fr\/wp-json\/wp\/v2\/posts\/18382","targetHints":{"allow":["GET"]}}],"collection":[{"href":"https:\/\/braun-windturbinen.com\/fr\/wp-json\/wp\/v2\/posts"}],"about":[{"href":"https:\/\/braun-windturbinen.com\/fr\/wp-json\/wp\/v2\/types\/post"}],"author":[{"embeddable":true,"href":"https:\/\/braun-windturbinen.com\/fr\/wp-json\/wp\/v2\/users\/1"}],"replies":[{"embeddable":true,"href":"https:\/\/braun-windturbinen.com\/fr\/wp-json\/wp\/v2\/comments?post=18382"}],"version-history":[{"count":1,"href":"https:\/\/braun-windturbinen.com\/fr\/wp-json\/wp\/v2\/posts\/18382\/revisions"}],"predecessor-version":[{"id":18383,"href":"https:\/\/braun-windturbinen.com\/fr\/wp-json\/wp\/v2\/posts\/18382\/revisions\/18383"}],"wp:featuredmedia":[{"embeddable":true,"href":"https:\/\/braun-windturbinen.com\/fr\/wp-json\/wp\/v2\/media\/14337"}],"wp:attachment":[{"href":"https:\/\/braun-windturbinen.com\/fr\/wp-json\/wp\/v2\/media?parent=18382"}],"wp:term":[{"taxonomy":"category","embeddable":true,"href":"https:\/\/braun-windturbinen.com\/fr\/wp-json\/wp\/v2\/categories?post=18382"},{"taxonomy":"post_tag","embeddable":true,"href":"https:\/\/braun-windturbinen.com\/fr\/wp-json\/wp\/v2\/tags?post=18382"}],"curies":[{"name":"wp","href":"https:\/\/api.w.org\/{rel}","templated":true}]}}