{"id":18213,"date":"2018-08-30T13:11:22","date_gmt":"2018-08-30T11:11:22","guid":{"rendered":"https:\/\/braun-windturbinen.com\/avec-lantaris-25-kw-le-client-dispose-enfin-dune-petite-eolienne-fonctionnelle\/"},"modified":"2025-04-08T18:43:38","modified_gmt":"2025-04-08T16:43:38","slug":"avec-lantaris-25-kw-le-client-dispose-enfin-dune-petite-eolienne-fonctionnelle","status":"publish","type":"post","link":"https:\/\/braun-windturbinen.com\/fr\/avec-lantaris-25-kw-le-client-dispose-enfin-dune-petite-eolienne-fonctionnelle\/","title":{"rendered":"Avec l\u2019ANTARIS 2,5 kW, le client dispose enfin d\u2019une petite \u00e9olienne fonctionnelle"},"content":{"rendered":"\n<p>Avec les conditions m\u00e9t\u00e9orologiques rigoureuses sur l\u2019\u00eele, la qualit\u00e9 est de mise.<\/p>\n\n<p>Dans ce projet \u00e9galement, le syst\u00e8me d\u2019origine a \u00e9t\u00e9 endommag\u00e9 et a maintenant \u00e9t\u00e9 remplac\u00e9 par un <strong>ANTARIS 2,5 kW<\/strong> .<\/p>\n\n<p>L\u2019onduleur de r\u00e9seau d\u00e9j\u00e0 install\u00e9 (ABB-PVI-3.6) peut continuer \u00e0 \u00eatre utilis\u00e9, le Powercurve a \u00e9t\u00e9 adapt\u00e9.<\/p>\n\n<p><strong>L\u2019ANTARIS 2,5 kW<\/strong> fonctionne ainsi en 1 phase en parall\u00e8le au r\u00e9seau.<\/p>\n\n<p>Si vous avez des questions sur le projet, n\u2019h\u00e9sitez pas \u00e0 nous appeler !<\/p>\n\n<p><em>Joie du vent avec les \u00e9oliennes ANTARIS.<\/em><\/p>\n\n<figure class=\"wp-block-gallery has-nested-images columns-6 is-cropped wp-block-gallery-1 is-layout-flex wp-block-gallery-is-layout-flex\">\n<figure class=\"wp-block-image size-large\"><a href=\"https:\/\/braun-windturbinen.com\/wp-content\/uploads\/Egger-Irland-2.5.jpg\" rel=\"lightbox[18213]\"><img fetchpriority=\"high\" decoding=\"async\" width=\"600\" height=\"558\" data-id=\"5469\" src=\"https:\/\/braun-windturbinen.com\/wp-content\/uploads\/\/Egger-Irland-2.5-600x558.jpg\" alt=\"\" class=\"wp-image-5469\" srcset=\"https:\/\/braun-windturbinen.com\/wp-content\/uploads\/Egger-Irland-2.5-600x558.jpg 600w, https:\/\/braun-windturbinen.com\/wp-content\/uploads\/Egger-Irland-2.5-150x140.jpg 150w, https:\/\/braun-windturbinen.com\/wp-content\/uploads\/Egger-Irland-2.5-300x279.jpg 300w, https:\/\/braun-windturbinen.com\/wp-content\/uploads\/Egger-Irland-2.5-768x714.jpg 768w, https:\/\/braun-windturbinen.com\/wp-content\/uploads\/Egger-Irland-2.5.jpg 900w\" sizes=\"(max-width: 600px) 100vw, 600px\" \/><\/a><\/figure>\n\n\n\n<figure class=\"wp-block-image size-large\"><a href=\"https:\/\/braun-windturbinen.com\/wp-content\/uploads\/Steuerschrank-2.5-7.5-kW.jpg\" rel=\"lightbox[18213]\"><img decoding=\"async\" width=\"500\" height=\"600\" data-id=\"5470\" src=\"https:\/\/braun-windturbinen.com\/wp-content\/uploads\/\/Steuerschrank-2.5-7.5-kW-500x600.jpg\" alt=\"\" class=\"wp-image-5470\" srcset=\"https:\/\/braun-windturbinen.com\/wp-content\/uploads\/Steuerschrank-2.5-7.5-kW-500x600.jpg 500w, https:\/\/braun-windturbinen.com\/wp-content\/uploads\/Steuerschrank-2.5-7.5-kW-125x150.jpg 125w, https:\/\/braun-windturbinen.com\/wp-content\/uploads\/Steuerschrank-2.5-7.5-kW-250x300.jpg 250w, https:\/\/braun-windturbinen.com\/wp-content\/uploads\/Steuerschrank-2.5-7.5-kW.jpg 750w\" sizes=\"(max-width: 500px) 100vw, 500px\" \/><\/a><\/figure>\n\n\n\n<figure class=\"wp-block-image size-large\"><a href=\"https:\/\/braun-windturbinen.com\/wp-content\/uploads\/Tobler-2.5-kW.jpg\" rel=\"lightbox[18213]\"><img decoding=\"async\" width=\"600\" height=\"332\" data-id=\"5471\" src=\"https:\/\/braun-windturbinen.com\/wp-content\/uploads\/\/Tobler-2.5-kW-600x332.jpg\" alt=\"\" class=\"wp-image-5471\" srcset=\"https:\/\/braun-windturbinen.com\/wp-content\/uploads\/Tobler-2.5-kW-600x332.jpg 600w, https:\/\/braun-windturbinen.com\/wp-content\/uploads\/Tobler-2.5-kW-150x83.jpg 150w, https:\/\/braun-windturbinen.com\/wp-content\/uploads\/Tobler-2.5-kW-300x166.jpg 300w, https:\/\/braun-windturbinen.com\/wp-content\/uploads\/Tobler-2.5-kW-768x425.jpg 768w, https:\/\/braun-windturbinen.com\/wp-content\/uploads\/Tobler-2.5-kW.jpg 900w\" sizes=\"(max-width: 600px) 100vw, 600px\" \/><\/a><\/figure>\n\n\n\n<figure class=\"wp-block-image size-large\"><a href=\"https:\/\/braun-windturbinen.com\/wp-content\/uploads\/Tobler-2.5.jpg\" rel=\"lightbox[18213]\"><img loading=\"lazy\" decoding=\"async\" width=\"600\" height=\"354\" data-id=\"5472\" src=\"https:\/\/braun-windturbinen.com\/wp-content\/uploads\/\/Tobler-2.5-600x354.jpg\" alt=\"\" class=\"wp-image-5472\" srcset=\"https:\/\/braun-windturbinen.com\/wp-content\/uploads\/Tobler-2.5-600x354.jpg 600w, https:\/\/braun-windturbinen.com\/wp-content\/uploads\/Tobler-2.5-150x89.jpg 150w, https:\/\/braun-windturbinen.com\/wp-content\/uploads\/Tobler-2.5-300x177.jpg 300w, https:\/\/braun-windturbinen.com\/wp-content\/uploads\/Tobler-2.5-768x453.jpg 768w, https:\/\/braun-windturbinen.com\/wp-content\/uploads\/Tobler-2.5.jpg 900w\" sizes=\"(max-width: 600px) 100vw, 600px\" \/><\/a><\/figure>\n\n\n\n<figure class=\"wp-block-image size-large\"><a href=\"https:\/\/braun-windturbinen.com\/wp-content\/uploads\/antaris25-5.jpg\" rel=\"lightbox[18213]\"><img loading=\"lazy\" decoding=\"async\" width=\"600\" height=\"450\" data-id=\"5474\" src=\"https:\/\/braun-windturbinen.com\/wp-content\/uploads\/\/antaris25-5-600x450.jpg\" alt=\"\" class=\"wp-image-5474\" srcset=\"https:\/\/braun-windturbinen.com\/wp-content\/uploads\/antaris25-5-600x450.jpg 600w, https:\/\/braun-windturbinen.com\/wp-content\/uploads\/antaris25-5-150x113.jpg 150w, https:\/\/braun-windturbinen.com\/wp-content\/uploads\/antaris25-5-300x225.jpg 300w, https:\/\/braun-windturbinen.com\/wp-content\/uploads\/antaris25-5-768x576.jpg 768w, https:\/\/braun-windturbinen.com\/wp-content\/uploads\/antaris25-5.jpg 900w\" sizes=\"(max-width: 600px) 100vw, 600px\" \/><\/a><\/figure>\n<\/figure>\n","protected":false},"excerpt":{"rendered":"<p>Avec les conditions m\u00e9t\u00e9orologiques rigoureuses sur l\u2019\u00eele, la qualit\u00e9 est de mise. Dans ce projet \u00e9galement, le syst\u00e8me d\u2019origine a \u00e9t\u00e9 endommag\u00e9 et a maintenant \u00e9t\u00e9 remplac\u00e9 par un ANTARIS 2,5 kW . L\u2019onduleur de r\u00e9seau d\u00e9j\u00e0 install\u00e9 (ABB-PVI-3.6) peut continuer \u00e0 \u00eatre utilis\u00e9, le Powercurve a \u00e9t\u00e9 adapt\u00e9. L\u2019ANTARIS 2,5 kW fonctionne ainsi en [&hellip;]<\/p>\n","protected":false},"author":1,"featured_media":13755,"comment_status":"closed","ping_status":"closed","sticky":false,"template":"","format":"standard","meta":{"footnotes":""},"categories":[363,341],"tags":[385],"class_list":["post-18213","post","type-post","status-publish","format-standard","has-post-thumbnail","hentry","category-generalites","category-non-categorise","tag-antaris-25-kw"],"_links":{"self":[{"href":"https:\/\/braun-windturbinen.com\/fr\/wp-json\/wp\/v2\/posts\/18213","targetHints":{"allow":["GET"]}}],"collection":[{"href":"https:\/\/braun-windturbinen.com\/fr\/wp-json\/wp\/v2\/posts"}],"about":[{"href":"https:\/\/braun-windturbinen.com\/fr\/wp-json\/wp\/v2\/types\/post"}],"author":[{"embeddable":true,"href":"https:\/\/braun-windturbinen.com\/fr\/wp-json\/wp\/v2\/users\/1"}],"replies":[{"embeddable":true,"href":"https:\/\/braun-windturbinen.com\/fr\/wp-json\/wp\/v2\/comments?post=18213"}],"version-history":[{"count":1,"href":"https:\/\/braun-windturbinen.com\/fr\/wp-json\/wp\/v2\/posts\/18213\/revisions"}],"predecessor-version":[{"id":18215,"href":"https:\/\/braun-windturbinen.com\/fr\/wp-json\/wp\/v2\/posts\/18213\/revisions\/18215"}],"wp:featuredmedia":[{"embeddable":true,"href":"https:\/\/braun-windturbinen.com\/fr\/wp-json\/wp\/v2\/media\/13755"}],"wp:attachment":[{"href":"https:\/\/braun-windturbinen.com\/fr\/wp-json\/wp\/v2\/media?parent=18213"}],"wp:term":[{"taxonomy":"category","embeddable":true,"href":"https:\/\/braun-windturbinen.com\/fr\/wp-json\/wp\/v2\/categories?post=18213"},{"taxonomy":"post_tag","embeddable":true,"href":"https:\/\/braun-windturbinen.com\/fr\/wp-json\/wp\/v2\/tags?post=18213"}],"curies":[{"name":"wp","href":"https:\/\/api.w.org\/{rel}","templated":true}]}}