{"id":18139,"date":"2018-01-19T13:54:19","date_gmt":"2018-01-19T11:54:19","guid":{"rendered":"https:\/\/braun-windturbinen.com\/une-autre-eolienne-dantaris-a-ete-construite-a-la-frontiere-avec-la-republique-tcheque\/"},"modified":"2025-04-08T18:43:23","modified_gmt":"2025-04-08T16:43:23","slug":"une-autre-eolienne-dantaris-a-ete-construite-a-la-frontiere-avec-la-republique-tcheque","status":"publish","type":"post","link":"https:\/\/braun-windturbinen.com\/fr\/une-autre-eolienne-dantaris-a-ete-construite-a-la-frontiere-avec-la-republique-tcheque\/","title":{"rendered":"Une autre \u00e9olienne d\u2019Antaris a \u00e9t\u00e9 construite \u00e0 la fronti\u00e8re avec la R\u00e9publique tch\u00e8que"},"content":{"rendered":"\n<p><em><strong>L\u2019ANTARIS 3,5 kW<\/strong><\/em> fonctionne ici sur un m\u00e2t en treillis de 11 m de haut en mode chauffage.<br \/>Le <strong>syst\u00e8me de r\u00e9gulation du chauffage<\/strong> fonctionne de mani\u00e8re caract\u00e9ristique guid\u00e9 par un <strong>\u00e9l\u00e9ment chauffant de 6,0 kW<\/strong>.<br \/>Les lames du r\u00e9pulsif sont noires pour permettre un d\u00e9givrage plus rapide en cas de gel en hiver.<\/p>\n\n<p>Si vous avez des questions sur le projet, n\u2019h\u00e9sitez pas \u00e0 nous appeler.<br \/>Nous nous ferons un plaisir de vous conseiller en d\u00e9tail.<\/p>\n\n<p><em>Joie dans le vent avec les petites \u00e9oliennes ANTARIS.<\/em><\/p>\n\n<figure class=\"wp-block-gallery has-nested-images columns-6 is-cropped wp-block-gallery-1 is-layout-flex wp-block-gallery-is-layout-flex\">\n<figure class=\"wp-block-image size-large\"><a href=\"https:\/\/braun-windturbinen.com\/wp-content\/uploads\/Antaris-3.5-kW-Repelller-schwarz.jpg\" rel=\"lightbox[18139]\"><img fetchpriority=\"high\" decoding=\"async\" width=\"600\" height=\"460\" data-id=\"5204\" src=\"https:\/\/braun-windturbinen.com\/wp-content\/uploads\/\/Antaris-3.5-kW-Repelller-schwarz-600x460.jpg\" alt=\"\" class=\"wp-image-5204\" srcset=\"https:\/\/braun-windturbinen.com\/wp-content\/uploads\/Antaris-3.5-kW-Repelller-schwarz-600x460.jpg 600w, https:\/\/braun-windturbinen.com\/wp-content\/uploads\/Antaris-3.5-kW-Repelller-schwarz-150x115.jpg 150w, https:\/\/braun-windturbinen.com\/wp-content\/uploads\/Antaris-3.5-kW-Repelller-schwarz-300x230.jpg 300w, https:\/\/braun-windturbinen.com\/wp-content\/uploads\/Antaris-3.5-kW-Repelller-schwarz.jpg 722w\" sizes=\"(max-width: 600px) 100vw, 600px\" \/><\/a><\/figure>\n\n\n\n<figure class=\"wp-block-image size-large\"><a href=\"https:\/\/braun-windturbinen.com\/wp-content\/uploads\/Haupt-3.5-kW.jpg\" rel=\"lightbox[18139]\"><img decoding=\"async\" width=\"465\" height=\"600\" data-id=\"5205\" src=\"https:\/\/braun-windturbinen.com\/wp-content\/uploads\/\/Haupt-3.5-kW-465x600.jpg\" alt=\"\" class=\"wp-image-5205\" srcset=\"https:\/\/braun-windturbinen.com\/wp-content\/uploads\/Haupt-3.5-kW-465x600.jpg 465w, https:\/\/braun-windturbinen.com\/wp-content\/uploads\/Haupt-3.5-kW-116x150.jpg 116w, https:\/\/braun-windturbinen.com\/wp-content\/uploads\/Haupt-3.5-kW-233x300.jpg 233w, https:\/\/braun-windturbinen.com\/wp-content\/uploads\/Haupt-3.5-kW.jpg 698w\" sizes=\"(max-width: 465px) 100vw, 465px\" \/><\/a><\/figure>\n\n\n\n<figure class=\"wp-block-image size-large\"><a href=\"https:\/\/braun-windturbinen.com\/wp-content\/uploads\/Haupt-Antaris-3.5-1.jpg\" rel=\"lightbox[18139]\"><img decoding=\"async\" width=\"524\" height=\"588\" data-id=\"5206\" src=\"https:\/\/braun-windturbinen.com\/wp-content\/uploads\/Haupt-Antaris-3.5-1.jpg\" alt=\"\" class=\"wp-image-5206\" srcset=\"https:\/\/braun-windturbinen.com\/wp-content\/uploads\/Haupt-Antaris-3.5-1.jpg 524w, https:\/\/braun-windturbinen.com\/wp-content\/uploads\/Haupt-Antaris-3.5-1-134x150.jpg 134w, https:\/\/braun-windturbinen.com\/wp-content\/uploads\/Haupt-Antaris-3.5-1-267x300.jpg 267w\" sizes=\"(max-width: 524px) 100vw, 524px\" \/><\/a><\/figure>\n\n\n\n<figure class=\"wp-block-image size-large\"><a href=\"https:\/\/braun-windturbinen.com\/wp-content\/uploads\/Heizsteuerung-7.5-kW.jpg\" rel=\"lightbox[18139]\"><img loading=\"lazy\" decoding=\"async\" width=\"600\" height=\"595\" data-id=\"5207\" src=\"https:\/\/braun-windturbinen.com\/wp-content\/uploads\/\/Heizsteuerung-7.5-kW-600x595.jpg\" alt=\"\" class=\"wp-image-5207\" srcset=\"https:\/\/braun-windturbinen.com\/wp-content\/uploads\/Heizsteuerung-7.5-kW-600x595.jpg 600w, https:\/\/braun-windturbinen.com\/wp-content\/uploads\/Heizsteuerung-7.5-kW-150x150.jpg 150w, https:\/\/braun-windturbinen.com\/wp-content\/uploads\/Heizsteuerung-7.5-kW-300x298.jpg 300w, https:\/\/braun-windturbinen.com\/wp-content\/uploads\/Heizsteuerung-7.5-kW-768x762.jpg 768w, https:\/\/braun-windturbinen.com\/wp-content\/uploads\/Heizsteuerung-7.5-kW.jpg 1800w\" sizes=\"(max-width: 600px) 100vw, 600px\" \/><\/a><\/figure>\n<\/figure>\n","protected":false},"excerpt":{"rendered":"<p>L\u2019ANTARIS 3,5 kW fonctionne ici sur un m\u00e2t en treillis de 11 m de haut en mode chauffage.Le syst\u00e8me de r\u00e9gulation du chauffage fonctionne de mani\u00e8re caract\u00e9ristique guid\u00e9 par un \u00e9l\u00e9ment chauffant de 6,0 kW.Les lames du r\u00e9pulsif sont noires pour permettre un d\u00e9givrage plus rapide en cas de gel en hiver. Si vous avez [&hellip;]<\/p>\n","protected":false},"author":1,"featured_media":13585,"comment_status":"closed","ping_status":"closed","sticky":false,"template":"","format":"standard","meta":{"footnotes":""},"categories":[363,341],"tags":[374,455],"class_list":["post-18139","post","type-post","status-publish","format-standard","has-post-thumbnail","hentry","category-generalites","category-non-categorise","tag-antaris-3-5kw-fr","tag-controle-du-chauffage"],"_links":{"self":[{"href":"https:\/\/braun-windturbinen.com\/fr\/wp-json\/wp\/v2\/posts\/18139","targetHints":{"allow":["GET"]}}],"collection":[{"href":"https:\/\/braun-windturbinen.com\/fr\/wp-json\/wp\/v2\/posts"}],"about":[{"href":"https:\/\/braun-windturbinen.com\/fr\/wp-json\/wp\/v2\/types\/post"}],"author":[{"embeddable":true,"href":"https:\/\/braun-windturbinen.com\/fr\/wp-json\/wp\/v2\/users\/1"}],"replies":[{"embeddable":true,"href":"https:\/\/braun-windturbinen.com\/fr\/wp-json\/wp\/v2\/comments?post=18139"}],"version-history":[{"count":1,"href":"https:\/\/braun-windturbinen.com\/fr\/wp-json\/wp\/v2\/posts\/18139\/revisions"}],"predecessor-version":[{"id":18141,"href":"https:\/\/braun-windturbinen.com\/fr\/wp-json\/wp\/v2\/posts\/18139\/revisions\/18141"}],"wp:featuredmedia":[{"embeddable":true,"href":"https:\/\/braun-windturbinen.com\/fr\/wp-json\/wp\/v2\/media\/13585"}],"wp:attachment":[{"href":"https:\/\/braun-windturbinen.com\/fr\/wp-json\/wp\/v2\/media?parent=18139"}],"wp:term":[{"taxonomy":"category","embeddable":true,"href":"https:\/\/braun-windturbinen.com\/fr\/wp-json\/wp\/v2\/categories?post=18139"},{"taxonomy":"post_tag","embeddable":true,"href":"https:\/\/braun-windturbinen.com\/fr\/wp-json\/wp\/v2\/tags?post=18139"}],"curies":[{"name":"wp","href":"https:\/\/api.w.org\/{rel}","templated":true}]}}