{"id":17610,"date":"2014-01-31T18:51:43","date_gmt":"2014-01-31T16:51:43","guid":{"rendered":"https:\/\/braun-windturbinen.com\/plus-antaris-petite-eolienne-connectee-au-reseau\/"},"modified":"2014-01-31T18:51:43","modified_gmt":"2014-01-31T16:51:43","slug":"plus-antaris-petite-eolienne-connectee-au-reseau","status":"publish","type":"post","link":"https:\/\/braun-windturbinen.com\/fr\/plus-antaris-petite-eolienne-connectee-au-reseau\/","title":{"rendered":"Plus Antaris &#8211; Petite \u00e9olienne connect\u00e9e au r\u00e9seau"},"content":{"rendered":"<div>\n<p>Emplacement : Westerwald,<br \/>\n hauteur du moyeu 15 m ; vitesse moyenne du vent 3,4 m\/s ; Mise en service 03.12.2010<\/p>\n<p>Acc\u00e8s \u00e0 <a title=\"WebBox ensoleill\u00e9e\" href=\"http:\/\/munds.dyndns.org:600\/\" target=\"_blank\" rel=\"noopener\">la Sunny WebBox<\/a><\/p>\n<\/div>\n","protected":false},"excerpt":{"rendered":"<p>Emplacement : Westerwald, hauteur du moyeu 15 m ; vitesse moyenne du vent 3,4 m\/s ; Mise en service 03.12.2010 Acc\u00e8s \u00e0 la Sunny WebBox<\/p>\n","protected":false},"author":1,"featured_media":0,"comment_status":"open","ping_status":"open","sticky":false,"template":"","format":"standard","meta":{"footnotes":""},"categories":[363,341],"tags":[879,880],"class_list":["post-17610","post","type-post","status-publish","format-standard","hentry","category-generalites","category-non-categorise","tag-surveillance-en-direct","tag-webbox-ensoleillee"],"_links":{"self":[{"href":"https:\/\/braun-windturbinen.com\/fr\/wp-json\/wp\/v2\/posts\/17610","targetHints":{"allow":["GET"]}}],"collection":[{"href":"https:\/\/braun-windturbinen.com\/fr\/wp-json\/wp\/v2\/posts"}],"about":[{"href":"https:\/\/braun-windturbinen.com\/fr\/wp-json\/wp\/v2\/types\/post"}],"author":[{"embeddable":true,"href":"https:\/\/braun-windturbinen.com\/fr\/wp-json\/wp\/v2\/users\/1"}],"replies":[{"embeddable":true,"href":"https:\/\/braun-windturbinen.com\/fr\/wp-json\/wp\/v2\/comments?post=17610"}],"version-history":[{"count":0,"href":"https:\/\/braun-windturbinen.com\/fr\/wp-json\/wp\/v2\/posts\/17610\/revisions"}],"wp:attachment":[{"href":"https:\/\/braun-windturbinen.com\/fr\/wp-json\/wp\/v2\/media?parent=17610"}],"wp:term":[{"taxonomy":"category","embeddable":true,"href":"https:\/\/braun-windturbinen.com\/fr\/wp-json\/wp\/v2\/categories?post=17610"},{"taxonomy":"post_tag","embeddable":true,"href":"https:\/\/braun-windturbinen.com\/fr\/wp-json\/wp\/v2\/tags?post=17610"}],"curies":[{"name":"wp","href":"https:\/\/api.w.org\/{rel}","templated":true}]}}