{"id":17402,"date":"2015-02-27T14:27:16","date_gmt":"2015-02-27T12:27:16","guid":{"rendered":"https:\/\/braun-windturbinen.com\/approvisionnement-en-energie-autosuffisant-une-maison-en-moyenne-franconie-utilise-le-vent-et-le-soleil\/"},"modified":"2015-02-27T14:27:16","modified_gmt":"2015-02-27T12:27:16","slug":"approvisionnement-en-energie-autosuffisant-une-maison-en-moyenne-franconie-utilise-le-vent-et-le-soleil","status":"publish","type":"post","link":"https:\/\/braun-windturbinen.com\/fr\/approvisionnement-en-energie-autosuffisant-une-maison-en-moyenne-franconie-utilise-le-vent-et-le-soleil\/","title":{"rendered":"Approvisionnement en \u00e9nergie autosuffisant : une maison en Moyenne-Franconie utilise le vent et le soleil"},"content":{"rendered":"<p>Un projet \u00e9nerg\u00e9tique actuel de Bavi\u00e8re illustre la <strong>transition \u00e9nerg\u00e9tique<\/strong> gr\u00e2ce \u00e0 l\u2019engagement d\u2019un citoyen. En plus des <strong>syst\u00e8mes solaires<\/strong> et d\u2019une voiture \u00e9lectrique, une <strong>petite \u00e9olienne<\/strong> est utilis\u00e9e pour <strong>produire de l\u2019\u00e9lectricit\u00e9 et de la chaleur<\/strong> . Outre la d\u00e9termination de l\u2019op\u00e9rateur, le soutien du maire local a \u00e9t\u00e9 d\u00e9terminant pour la r\u00e9ussite de la [&#8230;]  <\/p>\n<p><a href=\"http:\/\/www.klein-windkraftanlagen.com\/allgemein\/autarke-energieversorgung-haus-in-mittelfranken-nutzt-wind-und-sonne\/\" target=\"_blank\" rel=\"noopener\">Rapport complet ici (\u00e0 klein-windkraftanlagen.com) &#8230;<\/a><\/p>\n<p>&nbsp;<\/p>\n","protected":false},"excerpt":{"rendered":"<p>Un projet \u00e9nerg\u00e9tique actuel de Bavi\u00e8re illustre la transition \u00e9nerg\u00e9tique gr\u00e2ce \u00e0 l\u2019engagement d\u2019un citoyen. En plus des syst\u00e8mes solaires et d\u2019une voiture \u00e9lectrique, une petite \u00e9olienne est utilis\u00e9e pour produire de l\u2019\u00e9lectricit\u00e9 et de la chaleur . Outre la d\u00e9termination de l\u2019op\u00e9rateur, le soutien du maire local a \u00e9t\u00e9 d\u00e9terminant pour la r\u00e9ussite de [&hellip;]<\/p>\n","protected":false},"author":1,"featured_media":0,"comment_status":"closed","ping_status":"closed","sticky":false,"template":"","format":"standard","meta":{"footnotes":""},"categories":[363],"tags":[],"class_list":["post-17402","post","type-post","status-publish","format-standard","hentry","category-generalites"],"_links":{"self":[{"href":"https:\/\/braun-windturbinen.com\/fr\/wp-json\/wp\/v2\/posts\/17402","targetHints":{"allow":["GET"]}}],"collection":[{"href":"https:\/\/braun-windturbinen.com\/fr\/wp-json\/wp\/v2\/posts"}],"about":[{"href":"https:\/\/braun-windturbinen.com\/fr\/wp-json\/wp\/v2\/types\/post"}],"author":[{"embeddable":true,"href":"https:\/\/braun-windturbinen.com\/fr\/wp-json\/wp\/v2\/users\/1"}],"replies":[{"embeddable":true,"href":"https:\/\/braun-windturbinen.com\/fr\/wp-json\/wp\/v2\/comments?post=17402"}],"version-history":[{"count":0,"href":"https:\/\/braun-windturbinen.com\/fr\/wp-json\/wp\/v2\/posts\/17402\/revisions"}],"wp:attachment":[{"href":"https:\/\/braun-windturbinen.com\/fr\/wp-json\/wp\/v2\/media?parent=17402"}],"wp:term":[{"taxonomy":"category","embeddable":true,"href":"https:\/\/braun-windturbinen.com\/fr\/wp-json\/wp\/v2\/categories?post=17402"},{"taxonomy":"post_tag","embeddable":true,"href":"https:\/\/braun-windturbinen.com\/fr\/wp-json\/wp\/v2\/tags?post=17402"}],"curies":[{"name":"wp","href":"https:\/\/api.w.org\/{rel}","templated":true}]}}