{"id":17346,"date":"2015-06-02T15:47:43","date_gmt":"2015-06-02T13:47:43","guid":{"rendered":"https:\/\/braun-windturbinen.com\/message\/"},"modified":"2015-06-02T15:47:43","modified_gmt":"2015-06-02T13:47:43","slug":"message","status":"publish","type":"post","link":"https:\/\/braun-windturbinen.com\/fr\/message\/","title":{"rendered":"Message"},"content":{"rendered":"<p>Ch\u00e8res personnes int\u00e9ress\u00e9es par le petit vent,<\/p>\n<p><strong>Les petites \u00e9oliennes ANTARIS<\/strong> sont d\u00e9velopp\u00e9es et fabriqu\u00e9es par nos soins au plus haut niveau afin d\u2019obtenir un fonctionnement sans faille et une dur\u00e9e de vie technique de 20 ans et plus. Pour ce faire, nous nous appuyons sur <strong>23 ans d\u2019exp\u00e9rience<\/strong>, au cours desquels nous avons livr\u00e9 environ 1 200 syst\u00e8mes.<br \/>\nLa fiabilit\u00e9 et l\u2019efficacit\u00e9 \u00e9tablissent des normes dans l\u2019industrie&nbsp;!<br \/>\nComme il existe aujourd\u2019hui de <strong>petites \u00e9oliennes<\/strong> de conception similaire en provenance de l\u2019UE et d\u2019Extr\u00eame-Orient, nous tenons \u00e0 souligner que vous ne pouvez \u00eatre s\u00fbr d\u2019acheter un produit de <strong>BRAUN Windturbinen GmbH<\/strong> qu\u2019avec les mod\u00e8les <strong>ANTARIS<\/strong>.<br \/>\nLa marque <strong>ANTARIS<\/strong> (concernant les petites \u00e9oliennes) est prot\u00e9g\u00e9e par le droit des marques !  <\/p>\n<p>Si vous n\u2019en \u00eates pas s\u00fbr lors de votre d\u00e9cision d\u2019achat, veuillez nous contacter.<\/p>\n<p><em>Nauroth, le 02.06.2015<\/em><br \/>\n<em>  BRAUN Windturbinen GmbH<\/em><\/p>\n<p>&nbsp;<\/p>\n<p>Voici un PDF \u00e0 ce sujet :<br \/>\nhttp:\/\/www.braun-windturbinen.com\/wp-content\/uploads\/Gebrauchsmusterschutz.pdf<\/p>\n<p>&nbsp;<\/p>\n<div id='gallery-1' class='gallery galleryid-17346 gallery-columns-6 gallery-size-thumbnail'><figure class='gallery-item'>\n\t\t\t<div class='gallery-icon portrait'>\n\t\t\t\t<a href='https:\/\/braun-windturbinen.com\/fr\/message\/hackl-063-2-2\/'><img decoding=\"async\" width=\"113\" height=\"150\" src=\"https:\/\/braun-windturbinen.com\/wp-content\/uploads\/Hackl-0631-113x150.jpg\" class=\"attachment-thumbnail size-thumbnail\" alt=\"\" srcset=\"https:\/\/braun-windturbinen.com\/wp-content\/uploads\/Hackl-0631-113x150.jpg 113w, https:\/\/braun-windturbinen.com\/wp-content\/uploads\/Hackl-0631-225x300.jpg 225w, https:\/\/braun-windturbinen.com\/wp-content\/uploads\/Hackl-0631-450x600.jpg 450w, https:\/\/braun-windturbinen.com\/wp-content\/uploads\/Hackl-0631.jpg 525w\" sizes=\"(max-width: 113px) 100vw, 113px\" \/><\/a>\n\t\t\t<\/div><\/figure><figure class='gallery-item'>\n\t\t\t<div class='gallery-icon landscape'>\n\t\t\t\t<a href='https:\/\/braun-windturbinen.com\/fr\/message\/image1-2-2\/'><img decoding=\"async\" width=\"150\" height=\"130\" src=\"https:\/\/braun-windturbinen.com\/wp-content\/uploads\/image1-150x130.jpg\" class=\"attachment-thumbnail size-thumbnail\" alt=\"\" srcset=\"https:\/\/braun-windturbinen.com\/wp-content\/uploads\/image1-150x130.jpg 150w, https:\/\/braun-windturbinen.com\/wp-content\/uploads\/image1-300x260.jpg 300w, https:\/\/braun-windturbinen.com\/wp-content\/uploads\/image1.jpg 553w\" sizes=\"(max-width: 150px) 100vw, 150px\" \/><\/a>\n\t\t\t<\/div><\/figure><figure class='gallery-item'>\n\t\t\t<div class='gallery-icon landscape'>\n\t\t\t\t<a href='https:\/\/braun-windturbinen.com\/fr\/message\/kwea-april-20-2013-2\/'><img decoding=\"async\" width=\"150\" height=\"101\" src=\"https:\/\/braun-windturbinen.com\/wp-content\/uploads\/KWEA-April-20-2013-150x101.jpg\" class=\"attachment-thumbnail size-thumbnail\" alt=\"\" srcset=\"https:\/\/braun-windturbinen.com\/wp-content\/uploads\/KWEA-April-20-2013-150x101.jpg 150w, https:\/\/braun-windturbinen.com\/wp-content\/uploads\/KWEA-April-20-2013-300x201.jpg 300w, https:\/\/braun-windturbinen.com\/wp-content\/uploads\/KWEA-April-20-2013-600x402.jpg 600w, https:\/\/braun-windturbinen.com\/wp-content\/uploads\/KWEA-April-20-2013.jpg 700w\" sizes=\"(max-width: 150px) 100vw, 150px\" \/><\/a>\n\t\t\t<\/div><\/figure><figure class='gallery-item'>\n\t\t\t<div class='gallery-icon portrait'>\n\t\t\t\t<a href='https:\/\/braun-windturbinen.com\/fr\/message\/spanien-tari-1980-2\/'><img loading=\"lazy\" decoding=\"async\" width=\"119\" height=\"150\" src=\"https:\/\/braun-windturbinen.com\/wp-content\/uploads\/Spanien-Tari-1980-119x150.jpg\" class=\"attachment-thumbnail size-thumbnail\" alt=\"\" srcset=\"https:\/\/braun-windturbinen.com\/wp-content\/uploads\/Spanien-Tari-1980-119x150.jpg 119w, https:\/\/braun-windturbinen.com\/wp-content\/uploads\/Spanien-Tari-1980-237x300.jpg 237w, https:\/\/braun-windturbinen.com\/wp-content\/uploads\/Spanien-Tari-1980-474x600.jpg 474w, https:\/\/braun-windturbinen.com\/wp-content\/uploads\/Spanien-Tari-1980.jpg 553w\" sizes=\"(max-width: 119px) 100vw, 119px\" \/><\/a>\n\t\t\t<\/div><\/figure><figure class='gallery-item'>\n\t\t\t<div class='gallery-icon landscape'>\n\t\t\t\t<a href='https:\/\/braun-windturbinen.com\/fr\/message\/tausch-platine-krapichler-19-08-11-055-2-2\/'><img loading=\"lazy\" decoding=\"async\" width=\"150\" height=\"125\" src=\"https:\/\/braun-windturbinen.com\/wp-content\/uploads\/Tausch-Platine-krapichler-19.08.11-0551-150x125.jpg\" class=\"attachment-thumbnail size-thumbnail\" alt=\"\" srcset=\"https:\/\/braun-windturbinen.com\/wp-content\/uploads\/Tausch-Platine-krapichler-19.08.11-0551-150x125.jpg 150w, https:\/\/braun-windturbinen.com\/wp-content\/uploads\/Tausch-Platine-krapichler-19.08.11-0551-300x250.jpg 300w, https:\/\/braun-windturbinen.com\/wp-content\/uploads\/Tausch-Platine-krapichler-19.08.11-0551.jpg 572w\" sizes=\"(max-width: 150px) 100vw, 150px\" \/><\/a>\n\t\t\t<\/div><\/figure>\n\t\t<\/div>\n\n","protected":false},"excerpt":{"rendered":"<p>Ch\u00e8res personnes int\u00e9ress\u00e9es par le petit vent, Les petites \u00e9oliennes ANTARIS sont d\u00e9velopp\u00e9es et fabriqu\u00e9es par nos soins au plus haut niveau afin d\u2019obtenir un fonctionnement sans faille et une dur\u00e9e de vie technique de 20 ans et plus. Pour ce faire, nous nous appuyons sur 23 ans d\u2019exp\u00e9rience, au cours desquels nous avons livr\u00e9 [&hellip;]<\/p>\n","protected":false},"author":1,"featured_media":0,"comment_status":"closed","ping_status":"closed","sticky":false,"template":"","format":"standard","meta":{"footnotes":""},"categories":[363,341],"tags":[],"class_list":["post-17346","post","type-post","status-publish","format-standard","hentry","category-generalites","category-non-categorise"],"_links":{"self":[{"href":"https:\/\/braun-windturbinen.com\/fr\/wp-json\/wp\/v2\/posts\/17346","targetHints":{"allow":["GET"]}}],"collection":[{"href":"https:\/\/braun-windturbinen.com\/fr\/wp-json\/wp\/v2\/posts"}],"about":[{"href":"https:\/\/braun-windturbinen.com\/fr\/wp-json\/wp\/v2\/types\/post"}],"author":[{"embeddable":true,"href":"https:\/\/braun-windturbinen.com\/fr\/wp-json\/wp\/v2\/users\/1"}],"replies":[{"embeddable":true,"href":"https:\/\/braun-windturbinen.com\/fr\/wp-json\/wp\/v2\/comments?post=17346"}],"version-history":[{"count":0,"href":"https:\/\/braun-windturbinen.com\/fr\/wp-json\/wp\/v2\/posts\/17346\/revisions"}],"wp:attachment":[{"href":"https:\/\/braun-windturbinen.com\/fr\/wp-json\/wp\/v2\/media?parent=17346"}],"wp:term":[{"taxonomy":"category","embeddable":true,"href":"https:\/\/braun-windturbinen.com\/fr\/wp-json\/wp\/v2\/categories?post=17346"},{"taxonomy":"post_tag","embeddable":true,"href":"https:\/\/braun-windturbinen.com\/fr\/wp-json\/wp\/v2\/tags?post=17346"}],"curies":[{"name":"wp","href":"https:\/\/api.w.org\/{rel}","templated":true}]}}