{"id":17331,"date":"2015-07-02T14:20:58","date_gmt":"2015-07-02T12:20:58","guid":{"rendered":"https:\/\/braun-windturbinen.com\/les-eoliennes-antaris-travaillent-dans-le-cadre-du-projet-de-lotan-smart-energy\/"},"modified":"2025-03-24T15:50:59","modified_gmt":"2025-03-24T13:50:59","slug":"les-eoliennes-antaris-travaillent-dans-le-cadre-du-projet-de-lotan-smart-energy","status":"publish","type":"post","link":"https:\/\/braun-windturbinen.com\/fr\/les-eoliennes-antaris-travaillent-dans-le-cadre-du-projet-de-lotan-smart-energy\/","title":{"rendered":"Les \u00e9oliennes ANTARIS travaillent dans le cadre du projet de l\u2019OTAN \u00ab Smart Energy \u00bb"},"content":{"rendered":"\n<p><strong>L\u2019ANTARIS 4,5 kW<\/strong> fonctionne dans un <strong>syst\u00e8me hybride<\/strong> avec <strong>des moteurs<\/strong> <strong>photovolta\u00efques<\/strong> et diesel en Hongrie lors de l\u2019exercice Capable Logistician 2015 (8-19 juin).<br \/>Il \u00e9tait important que le poteau avec la turbine puisse \u00eatre install\u00e9 au <strong>niveau du conteneur d\u2019\u00e9nergie<\/strong> par les gars sur le site.<br \/>La conception structurelle du poteau a \u00e9t\u00e9 planifi\u00e9e par notre partenaire <strong>SAW :<\/strong> <a href=\"http:\/\/www.saw-stahlbau.de\/en\/home.html\" target=\"_blank\" rel=\"noopener\">http:\/\/www.saw-stahlbau.de\/en\/home.html<\/a><br \/>Le syst\u00e8me complet fonctionnait avec 3 pi\u00e8ces. <strong>Onduleur Smartwind triphas\u00e9<\/strong>.<br \/><a href=\"http:\/\/www.smart-power-electronics.de\/cms\/en\/\" target=\"_blank\" rel=\"noopener\">http:\/\/www.smart-power-electronics.de\/cms\/en\/<\/a><br \/>L\u2019ensemble du projet a \u00e9t\u00e9 planifi\u00e9 par la soci\u00e9t\u00e9 <strong>Pfisterer<\/strong> : <a href=\"http:\/\/de.pfisterer.com\/\" target=\"_blank\" rel=\"noopener\">http:\/\/de.pfisterer.com\/<\/a>.<\/p>\n\n<p><em>De l\u2019\u00e9nergie l\u00e0 o\u00f9 vous en avez besoin, voir le lien ci-joint !<\/em><br \/><a href=\"http:\/\/www.nato.int\/cps\/en\/natohq\/news_120481.htm\" target=\"_blank\" rel=\"noopener\">http:\/\/www.nato.int\/cps\/en\/natohq\/news_120481.htm<\/a><\/p>\n\n<p><em>Profitez du vent avec les petites \u00e9oliennes ANTARIS !<\/em><\/p>\n\n<figure class=\"wp-block-gallery has-nested-images columns-6 is-cropped wp-block-gallery-1 is-layout-flex wp-block-gallery-is-layout-flex\">\n<figure class=\"wp-block-image size-large\"><a href=\"https:\/\/braun-windturbinen.com\/wp-content\/uploads\/Bild-489.jpg\" rel=\"lightbox[17331]\"><img fetchpriority=\"high\" decoding=\"async\" width=\"600\" height=\"511\" data-id=\"3908\" src=\"https:\/\/braun-windturbinen.com\/wp-content\/uploads\/\/Bild-489-600x511.jpg\" alt=\"\" class=\"wp-image-3908\" srcset=\"https:\/\/braun-windturbinen.com\/wp-content\/uploads\/Bild-489-600x511.jpg 600w, https:\/\/braun-windturbinen.com\/wp-content\/uploads\/Bild-489-150x128.jpg 150w, https:\/\/braun-windturbinen.com\/wp-content\/uploads\/Bild-489-300x255.jpg 300w, https:\/\/braun-windturbinen.com\/wp-content\/uploads\/Bild-489.jpg 700w\" sizes=\"(max-width: 600px) 100vw, 600px\" \/><\/a><\/figure>\n\n\n\n<figure class=\"wp-block-image size-large\"><a href=\"https:\/\/braun-windturbinen.com\/wp-content\/uploads\/Bild-491.jpg\" rel=\"lightbox[17331]\"><img decoding=\"async\" width=\"467\" height=\"600\" data-id=\"3909\" src=\"https:\/\/braun-windturbinen.com\/wp-content\/uploads\/\/Bild-491-467x600.jpg\" alt=\"\" class=\"wp-image-3909\" srcset=\"https:\/\/braun-windturbinen.com\/wp-content\/uploads\/Bild-491-467x600.jpg 467w, https:\/\/braun-windturbinen.com\/wp-content\/uploads\/Bild-491-117x150.jpg 117w, https:\/\/braun-windturbinen.com\/wp-content\/uploads\/Bild-491-234x300.jpg 234w, https:\/\/braun-windturbinen.com\/wp-content\/uploads\/Bild-491.jpg 545w\" sizes=\"(max-width: 467px) 100vw, 467px\" \/><\/a><\/figure>\n\n\n\n<figure class=\"wp-block-image size-large\"><a href=\"https:\/\/braun-windturbinen.com\/wp-content\/uploads\/Foto-1.jpg\" rel=\"lightbox[17331]\"><img decoding=\"async\" width=\"600\" height=\"360\" data-id=\"3910\" src=\"https:\/\/braun-windturbinen.com\/wp-content\/uploads\/\/Foto-1-600x360.jpg\" alt=\"\" class=\"wp-image-3910\" srcset=\"https:\/\/braun-windturbinen.com\/wp-content\/uploads\/Foto-1-600x360.jpg 600w, https:\/\/braun-windturbinen.com\/wp-content\/uploads\/Foto-1-150x90.jpg 150w, https:\/\/braun-windturbinen.com\/wp-content\/uploads\/Foto-1-300x180.jpg 300w, https:\/\/braun-windturbinen.com\/wp-content\/uploads\/Foto-1.jpg 700w\" sizes=\"(max-width: 600px) 100vw, 600px\" \/><\/a><\/figure>\n\n\n\n<figure class=\"wp-block-image size-large\"><a href=\"https:\/\/braun-windturbinen.com\/wp-content\/uploads\/0047.jpg\" rel=\"lightbox[17331]\"><img loading=\"lazy\" decoding=\"async\" width=\"600\" height=\"589\" data-id=\"3911\" src=\"https:\/\/braun-windturbinen.com\/wp-content\/uploads\/\/0047-600x589.jpg\" alt=\"\" class=\"wp-image-3911\" srcset=\"https:\/\/braun-windturbinen.com\/wp-content\/uploads\/0047-600x589.jpg 600w, https:\/\/braun-windturbinen.com\/wp-content\/uploads\/0047-150x147.jpg 150w, https:\/\/braun-windturbinen.com\/wp-content\/uploads\/0047-300x295.jpg 300w, https:\/\/braun-windturbinen.com\/wp-content\/uploads\/0047.jpg 782w\" sizes=\"(max-width: 600px) 100vw, 600px\" \/><\/a><\/figure>\n<\/figure>\n","protected":false},"excerpt":{"rendered":"<p>L\u2019ANTARIS 4,5 kW fonctionne dans un syst\u00e8me hybride avec des moteurs photovolta\u00efques et diesel en Hongrie lors de l\u2019exercice Capable Logistician 2015 (8-19 juin).Il \u00e9tait important que le poteau avec la turbine puisse \u00eatre install\u00e9 au niveau du conteneur d\u2019\u00e9nergie par les gars sur le site.La conception structurelle du poteau a \u00e9t\u00e9 planifi\u00e9e par notre [&hellip;]<\/p>\n","protected":false},"author":1,"featured_media":0,"comment_status":"closed","ping_status":"closed","sticky":false,"template":"","format":"standard","meta":{"footnotes":""},"categories":[363,341],"tags":[557,738,737,553,739,740],"class_list":["post-17331","post","type-post","status-publish","format-standard","hentry","category-generalites","category-non-categorise","tag-antaris-45-kw","tag-denergiede-conteneur","tag-hongrie","tag-onduleur-smartwind","tag-pfisterer-fr","tag-scie"],"_links":{"self":[{"href":"https:\/\/braun-windturbinen.com\/fr\/wp-json\/wp\/v2\/posts\/17331","targetHints":{"allow":["GET"]}}],"collection":[{"href":"https:\/\/braun-windturbinen.com\/fr\/wp-json\/wp\/v2\/posts"}],"about":[{"href":"https:\/\/braun-windturbinen.com\/fr\/wp-json\/wp\/v2\/types\/post"}],"author":[{"embeddable":true,"href":"https:\/\/braun-windturbinen.com\/fr\/wp-json\/wp\/v2\/users\/1"}],"replies":[{"embeddable":true,"href":"https:\/\/braun-windturbinen.com\/fr\/wp-json\/wp\/v2\/comments?post=17331"}],"version-history":[{"count":1,"href":"https:\/\/braun-windturbinen.com\/fr\/wp-json\/wp\/v2\/posts\/17331\/revisions"}],"predecessor-version":[{"id":17335,"href":"https:\/\/braun-windturbinen.com\/fr\/wp-json\/wp\/v2\/posts\/17331\/revisions\/17335"}],"wp:attachment":[{"href":"https:\/\/braun-windturbinen.com\/fr\/wp-json\/wp\/v2\/media?parent=17331"}],"wp:term":[{"taxonomy":"category","embeddable":true,"href":"https:\/\/braun-windturbinen.com\/fr\/wp-json\/wp\/v2\/categories?post=17331"},{"taxonomy":"post_tag","embeddable":true,"href":"https:\/\/braun-windturbinen.com\/fr\/wp-json\/wp\/v2\/tags?post=17331"}],"curies":[{"name":"wp","href":"https:\/\/api.w.org\/{rel}","templated":true}]}}