{"id":17311,"date":"2015-09-07T13:36:29","date_gmt":"2015-09-07T11:36:29","guid":{"rendered":"https:\/\/braun-windturbinen.com\/lantaris-65-kw-au-salon-norla-de-rendsburg\/"},"modified":"2025-03-24T15:50:36","modified_gmt":"2025-03-24T13:50:36","slug":"lantaris-65-kw-au-salon-norla-de-rendsburg","status":"publish","type":"post","link":"https:\/\/braun-windturbinen.com\/fr\/lantaris-65-kw-au-salon-norla-de-rendsburg\/","title":{"rendered":"L\u2019ANTARIS 6,5 kW au salon NORLA de Rendsburg"},"content":{"rendered":"\n<p>Cette ann\u00e9e encore, ANTARIS sera repr\u00e9sent\u00e9 au salon de l\u2019Allemagne du Nord.<\/p>\n\n<p><a href=\"http:\/\/www.norla-messe.de\/\" target=\"_blank\" rel=\"noopener\">http:\/\/www.norla-messe.de\/<\/a><\/p>\n\n<p>Notre partenaire commercial local, <strong> <\/strong><strong>Smart Power Electronics GmbH &amp; Co. KG,<\/strong> se fera un plaisir de vous conseiller et, surtout, de vous conseiller avec comp\u00e9tence et honn\u00eatet\u00e9 sur le th\u00e8me des <strong>petites \u00e9oliennes ANTARIS<\/strong>, ainsi que de <strong>l\u2019onduleur d\u2019injection triphas\u00e9 Smart\u00a0!wind<\/strong>.<\/p>\n\n<p><a href=\"http:\/\/www.smart-power-electronics.de\/cms\/de\/\" target=\"_blank\" rel=\"noopener\">http:\/\/www.smart-power-electronics.de\/cms\/de\/<\/a><\/p>\n\n<p>La <strong>pr\u00e9sentation<\/strong> est soutenue par une <strong>transmission de donn\u00e9es en direct<\/strong> \u00e0 partir d\u2019un syst\u00e8me <strong>ANTARIS de 6,5 kW<\/strong> install\u00e9 \u00e0 proximit\u00e9.<\/p>\n\n<p>Si vous avez des questions, nous nous ferons un plaisir de vous conseiller en d\u00e9tail.<\/p>\n\n<p><em>De la joie dans le vent, avec les petites \u00e9oliennes ANTARIS !<\/em><\/p>\n\n<figure class=\"wp-block-gallery has-nested-images columns-6 is-cropped wp-block-gallery-1 is-layout-flex wp-block-gallery-is-layout-flex\">\n<figure class=\"wp-block-image size-large\"><a href=\"https:\/\/braun-windturbinen.com\/wp-content\/uploads\/IMG_0883.jpg\" rel=\"lightbox[17311]\"><img fetchpriority=\"high\" decoding=\"async\" width=\"600\" height=\"337\" data-id=\"4082\" src=\"https:\/\/braun-windturbinen.com\/wp-content\/uploads\/\/IMG_0883-600x337.jpg\" alt=\"\" class=\"wp-image-4082\" srcset=\"https:\/\/braun-windturbinen.com\/wp-content\/uploads\/IMG_0883-600x337.jpg 600w, https:\/\/braun-windturbinen.com\/wp-content\/uploads\/IMG_0883-150x84.jpg 150w, https:\/\/braun-windturbinen.com\/wp-content\/uploads\/IMG_0883-300x169.jpg 300w, https:\/\/braun-windturbinen.com\/wp-content\/uploads\/IMG_0883.jpg 900w\" sizes=\"(max-width: 600px) 100vw, 600px\" \/><\/a><\/figure>\n\n\n\n<figure class=\"wp-block-image size-large\"><a href=\"https:\/\/braun-windturbinen.com\/wp-content\/uploads\/IMG_0886.jpg\" rel=\"lightbox[17311]\"><img decoding=\"async\" width=\"600\" height=\"394\" data-id=\"4081\" src=\"https:\/\/braun-windturbinen.com\/wp-content\/uploads\/\/IMG_0886-600x394.jpg\" alt=\"\" class=\"wp-image-4081\" srcset=\"https:\/\/braun-windturbinen.com\/wp-content\/uploads\/IMG_0886-600x394.jpg 600w, https:\/\/braun-windturbinen.com\/wp-content\/uploads\/IMG_0886-150x99.jpg 150w, https:\/\/braun-windturbinen.com\/wp-content\/uploads\/IMG_0886-300x197.jpg 300w, https:\/\/braun-windturbinen.com\/wp-content\/uploads\/IMG_0886.jpg 900w\" sizes=\"(max-width: 600px) 100vw, 600px\" \/><\/a><\/figure>\n\n\n\n<figure class=\"wp-block-image size-large\"><a href=\"https:\/\/braun-windturbinen.com\/wp-content\/uploads\/smartwind-Explorer.png\" rel=\"lightbox[17311]\"><img decoding=\"async\" width=\"600\" height=\"353\" data-id=\"4080\" src=\"https:\/\/braun-windturbinen.com\/wp-content\/uploads\/\/smartwind-Explorer-600x353.png\" alt=\"\" class=\"wp-image-4080\" srcset=\"https:\/\/braun-windturbinen.com\/wp-content\/uploads\/smartwind-Explorer-600x353.png 600w, https:\/\/braun-windturbinen.com\/wp-content\/uploads\/smartwind-Explorer-150x88.png 150w, https:\/\/braun-windturbinen.com\/wp-content\/uploads\/smartwind-Explorer-300x176.png 300w, https:\/\/braun-windturbinen.com\/wp-content\/uploads\/smartwind-Explorer.png 900w\" sizes=\"(max-width: 600px) 100vw, 600px\" \/><\/a><\/figure>\n<\/figure>\n","protected":false},"excerpt":{"rendered":"<p>Cette ann\u00e9e encore, ANTARIS sera repr\u00e9sent\u00e9 au salon de l\u2019Allemagne du Nord. http:\/\/www.norla-messe.de\/ Notre partenaire commercial local, Smart Power Electronics GmbH &amp; Co. KG, se fera un plaisir de vous conseiller et, surtout, de vous conseiller avec comp\u00e9tence et honn\u00eatet\u00e9 sur le th\u00e8me des petites \u00e9oliennes ANTARIS, ainsi que de l\u2019onduleur d\u2019injection triphas\u00e9 Smart\u00a0!wind. http:\/\/www.smart-power-electronics.de\/cms\/de\/ [&hellip;]<\/p>\n","protected":false},"author":1,"featured_media":0,"comment_status":"closed","ping_status":"closed","sticky":false,"template":"","format":"standard","meta":{"footnotes":""},"categories":[363,341],"tags":[583,509,730,728,364,372,729,538],"class_list":["post-17311","post","type-post","status-publish","format-standard","hentry","category-generalites","category-non-categorise","tag-antaris-65-kw","tag-electronique-de-puissance-intelligente","tag-foire-de-norla","tag-onduleurs-dinjection","tag-petite-eolienne","tag-petites-eoliennes","tag-transfert-de-donnees-en-direct","tag-vent-intelligent"],"_links":{"self":[{"href":"https:\/\/braun-windturbinen.com\/fr\/wp-json\/wp\/v2\/posts\/17311","targetHints":{"allow":["GET"]}}],"collection":[{"href":"https:\/\/braun-windturbinen.com\/fr\/wp-json\/wp\/v2\/posts"}],"about":[{"href":"https:\/\/braun-windturbinen.com\/fr\/wp-json\/wp\/v2\/types\/post"}],"author":[{"embeddable":true,"href":"https:\/\/braun-windturbinen.com\/fr\/wp-json\/wp\/v2\/users\/1"}],"replies":[{"embeddable":true,"href":"https:\/\/braun-windturbinen.com\/fr\/wp-json\/wp\/v2\/comments?post=17311"}],"version-history":[{"count":1,"href":"https:\/\/braun-windturbinen.com\/fr\/wp-json\/wp\/v2\/posts\/17311\/revisions"}],"predecessor-version":[{"id":17312,"href":"https:\/\/braun-windturbinen.com\/fr\/wp-json\/wp\/v2\/posts\/17311\/revisions\/17312"}],"wp:attachment":[{"href":"https:\/\/braun-windturbinen.com\/fr\/wp-json\/wp\/v2\/media?parent=17311"}],"wp:term":[{"taxonomy":"category","embeddable":true,"href":"https:\/\/braun-windturbinen.com\/fr\/wp-json\/wp\/v2\/categories?post=17311"},{"taxonomy":"post_tag","embeddable":true,"href":"https:\/\/braun-windturbinen.com\/fr\/wp-json\/wp\/v2\/tags?post=17311"}],"curies":[{"name":"wp","href":"https:\/\/api.w.org\/{rel}","templated":true}]}}