{"id":17185,"date":"2016-02-12T16:03:28","date_gmt":"2016-02-12T14:03:28","guid":{"rendered":"https:\/\/braun-windturbinen.com\/smart-wind-rencontre-la-petite-eolienne-antaris\/"},"modified":"2025-03-24T15:48:26","modified_gmt":"2025-03-24T13:48:26","slug":"smart-wind-rencontre-la-petite-eolienne-antaris","status":"publish","type":"post","link":"https:\/\/braun-windturbinen.com\/fr\/smart-wind-rencontre-la-petite-eolienne-antaris\/","title":{"rendered":"Smart&nbsp;!wind rencontre la petite \u00e9olienne ANTARIS"},"content":{"rendered":"\n<p>\u00c0 partir de mars 2016, le <strong>Smartwind<\/strong> <strong>Inverter<\/strong> sera \u00e9galement disponible en option avec <strong>les ordinateurs Windows 10<\/strong> .<br \/>Cela vous donne la possibilit\u00e9 de surveiller et de contr\u00f4ler votre <strong>petite \u00e9olienne ANTARIS<\/strong> sans aucun probl\u00e8me <strong>via votre t\u00e9l\u00e9phone portable, etc.<\/strong><br \/>En collaboration avec <strong>Smart Power Eletronics GmbH &amp; Co. KG<\/strong> , nous travaillons sur des solutions qui offrent \u00e0 nos clients encore plus de confort technologique.<\/p>\n\n<p>Si vous avez des questions sur le projet, n\u2019h\u00e9sitez pas \u00e0 nous appeler.<br \/>Nous nous ferons un plaisir de vous conseiller en d\u00e9tail.<\/p>\n\n<p>Retrouvez-nous au salon des nouvelles \u00e9nergies \u00e0 Husum :<br \/><a href=\"http:\/\/www.new-energy.de\/new_energy\/de\/\" target=\"_blank\" rel=\"noopener\">http:\/\/www.new-energy.de\/new_energy\/de\/<\/a><\/p>\n\n<p><em>De la joie dans le vent, avec les petites \u00e9oliennes ANTARIS !<\/em><\/p>\n\n<figure class=\"wp-block-gallery has-nested-images columns-6 is-cropped wp-block-gallery-1 is-layout-flex wp-block-gallery-is-layout-flex\">\n<figure class=\"wp-block-image size-large\"><a href=\"https:\/\/braun-windturbinen.com\/wp-content\/uploads\/IMG_1208.jpg\" rel=\"lightbox[17185]\"><img fetchpriority=\"high\" decoding=\"async\" width=\"338\" height=\"600\" data-id=\"4395\" src=\"https:\/\/braun-windturbinen.com\/wp-content\/uploads\/\/IMG_1208-338x600.jpg\" alt=\"\" class=\"wp-image-4395\" srcset=\"https:\/\/braun-windturbinen.com\/wp-content\/uploads\/IMG_1208-338x600.jpg 338w, https:\/\/braun-windturbinen.com\/wp-content\/uploads\/IMG_1208-84x150.jpg 84w, https:\/\/braun-windturbinen.com\/wp-content\/uploads\/IMG_1208-169x300.jpg 169w, https:\/\/braun-windturbinen.com\/wp-content\/uploads\/IMG_1208-768x1365.jpg 768w, https:\/\/braun-windturbinen.com\/wp-content\/uploads\/IMG_1208.jpg 900w\" sizes=\"(max-width: 338px) 100vw, 338px\" \/><\/a><\/figure>\n\n\n\n<figure class=\"wp-block-image size-large\"><a href=\"https:\/\/braun-windturbinen.com\/wp-content\/uploads\/Smartwind-Explorer.jpg\" rel=\"lightbox[17185]\"><img decoding=\"async\" width=\"600\" height=\"338\" data-id=\"4396\" src=\"https:\/\/braun-windturbinen.com\/wp-content\/uploads\/\/Smartwind-Explorer-600x338.jpg\" alt=\"\" class=\"wp-image-4396\" srcset=\"https:\/\/braun-windturbinen.com\/wp-content\/uploads\/Smartwind-Explorer-600x338.jpg 600w, https:\/\/braun-windturbinen.com\/wp-content\/uploads\/Smartwind-Explorer-150x84.jpg 150w, https:\/\/braun-windturbinen.com\/wp-content\/uploads\/Smartwind-Explorer-300x169.jpg 300w, https:\/\/braun-windturbinen.com\/wp-content\/uploads\/Smartwind-Explorer-768x432.jpg 768w, https:\/\/braun-windturbinen.com\/wp-content\/uploads\/Smartwind-Explorer.jpg 1600w\" sizes=\"(max-width: 600px) 100vw, 600px\" \/><\/a><\/figure>\n\n\n\n<figure class=\"wp-block-image size-large\"><a href=\"https:\/\/braun-windturbinen.com\/wp-content\/uploads\/Smartwind-mit-Sunny-Island.jpg\" rel=\"lightbox[17185]\"><img decoding=\"async\" width=\"600\" height=\"385\" data-id=\"4397\" src=\"https:\/\/braun-windturbinen.com\/wp-content\/uploads\/\/Smartwind-mit-Sunny-Island-600x385.jpg\" alt=\"\" class=\"wp-image-4397\" srcset=\"https:\/\/braun-windturbinen.com\/wp-content\/uploads\/Smartwind-mit-Sunny-Island-600x385.jpg 600w, https:\/\/braun-windturbinen.com\/wp-content\/uploads\/Smartwind-mit-Sunny-Island-150x96.jpg 150w, https:\/\/braun-windturbinen.com\/wp-content\/uploads\/Smartwind-mit-Sunny-Island-300x193.jpg 300w, https:\/\/braun-windturbinen.com\/wp-content\/uploads\/Smartwind-mit-Sunny-Island-768x493.jpg 768w, https:\/\/braun-windturbinen.com\/wp-content\/uploads\/Smartwind-mit-Sunny-Island.jpg 900w\" sizes=\"(max-width: 600px) 100vw, 600px\" \/><\/a><\/figure>\n\n\n\n<figure class=\"wp-block-image size-large\"><a href=\"https:\/\/braun-windturbinen.com\/wp-content\/uploads\/Smartwind-mit-Victron-Energy.jpg\" rel=\"lightbox[17185]\"><img loading=\"lazy\" decoding=\"async\" width=\"600\" height=\"333\" data-id=\"4398\" src=\"https:\/\/braun-windturbinen.com\/wp-content\/uploads\/\/Smartwind-mit-Victron-Energy-600x333.jpg\" alt=\"\" class=\"wp-image-4398\" srcset=\"https:\/\/braun-windturbinen.com\/wp-content\/uploads\/Smartwind-mit-Victron-Energy-600x333.jpg 600w, https:\/\/braun-windturbinen.com\/wp-content\/uploads\/Smartwind-mit-Victron-Energy-150x83.jpg 150w, https:\/\/braun-windturbinen.com\/wp-content\/uploads\/Smartwind-mit-Victron-Energy-300x166.jpg 300w, https:\/\/braun-windturbinen.com\/wp-content\/uploads\/Smartwind-mit-Victron-Energy.jpg 700w\" sizes=\"(max-width: 600px) 100vw, 600px\" \/><\/a><\/figure>\n<\/figure>\n","protected":false},"excerpt":{"rendered":"<p>\u00c0 partir de mars 2016, le Smartwind Inverter sera \u00e9galement disponible en option avec les ordinateurs Windows 10 .Cela vous donne la possibilit\u00e9 de surveiller et de contr\u00f4ler votre petite \u00e9olienne ANTARIS sans aucun probl\u00e8me via votre t\u00e9l\u00e9phone portable, etc.En collaboration avec Smart Power Eletronics GmbH &amp; Co. KG , nous travaillons sur des solutions [&hellip;]<\/p>\n","protected":false},"author":1,"featured_media":0,"comment_status":"closed","ping_status":"closed","sticky":false,"template":"","format":"standard","meta":{"footnotes":""},"categories":[363,341],"tags":[623,624,352,621,538,622],"class_list":["post-17185","post","type-post","status-publish","format-standard","hentry","category-generalites","category-non-categorise","tag-controle-du-telephone-portable","tag-controle-mobile","tag-onduleur","tag-onduleur-smartwind-55-kw","tag-vent-intelligent","tag-windows10-fr"],"_links":{"self":[{"href":"https:\/\/braun-windturbinen.com\/fr\/wp-json\/wp\/v2\/posts\/17185","targetHints":{"allow":["GET"]}}],"collection":[{"href":"https:\/\/braun-windturbinen.com\/fr\/wp-json\/wp\/v2\/posts"}],"about":[{"href":"https:\/\/braun-windturbinen.com\/fr\/wp-json\/wp\/v2\/types\/post"}],"author":[{"embeddable":true,"href":"https:\/\/braun-windturbinen.com\/fr\/wp-json\/wp\/v2\/users\/1"}],"replies":[{"embeddable":true,"href":"https:\/\/braun-windturbinen.com\/fr\/wp-json\/wp\/v2\/comments?post=17185"}],"version-history":[{"count":1,"href":"https:\/\/braun-windturbinen.com\/fr\/wp-json\/wp\/v2\/posts\/17185\/revisions"}],"predecessor-version":[{"id":17187,"href":"https:\/\/braun-windturbinen.com\/fr\/wp-json\/wp\/v2\/posts\/17185\/revisions\/17187"}],"wp:attachment":[{"href":"https:\/\/braun-windturbinen.com\/fr\/wp-json\/wp\/v2\/media?parent=17185"}],"wp:term":[{"taxonomy":"category","embeddable":true,"href":"https:\/\/braun-windturbinen.com\/fr\/wp-json\/wp\/v2\/categories?post=17185"},{"taxonomy":"post_tag","embeddable":true,"href":"https:\/\/braun-windturbinen.com\/fr\/wp-json\/wp\/v2\/tags?post=17185"}],"curies":[{"name":"wp","href":"https:\/\/api.w.org\/{rel}","templated":true}]}}