{"id":17018,"date":"2013-08-12T10:24:29","date_gmt":"2013-08-12T08:24:29","guid":{"rendered":"https:\/\/braun-windturbinen.com\/les-bases-dune-utilisation-reussie-des-petites-eoliennes-antaris\/"},"modified":"2025-03-24T15:45:15","modified_gmt":"2025-03-24T13:45:15","slug":"les-bases-dune-utilisation-reussie-des-petites-eoliennes-antaris","status":"publish","type":"post","link":"https:\/\/braun-windturbinen.com\/fr\/les-bases-dune-utilisation-reussie-des-petites-eoliennes-antaris\/","title":{"rendered":"Les bases d\u2019une utilisation r\u00e9ussie des petites \u00e9oliennes ANTARIS"},"content":{"rendered":"\n<p>BRAUN Windturbinen GmbH a fourni des informations d\u2019expert sur le th\u00e8me des petites \u00e9oliennes. Dans cet atelier, les bases de la petite \u00e9nergie \u00e9olienne ont d\u2019abord \u00e9t\u00e9 abord\u00e9es de mani\u00e8re g\u00e9n\u00e9rale. Par la suite, certains th\u00e8mes ont \u00e9t\u00e9 approfondis, tels que les proc\u00e9dures d\u2019approbation, le droit de la construction, la protection des esp\u00e8ces, la s\u00e9lection des sites&#8230; Dans la 2\u00e8me partie, apr\u00e8s le d\u00e9jeuner, l\u2019\u00e9olienne ANTARIS a \u00e9t\u00e9 pr\u00e9sent\u00e9e par le directeur technique de BRAUN Windturbinen GmbH. En plus de l\u2019\u00e9olienne ANTARIS, le d\u00e9veloppement et le travail avec les nouveaux convertisseurs d\u2019alimentation ont \u00e9galement \u00e9t\u00e9 expliqu\u00e9s, \u00e0 l\u2019aide de vid\u00e9os descriptives. La pr\u00e9sentation et les discussions ont eu lieu au plus haut niveau professionnel. Le respect et la reconnaissance vont \u00e0 tous les participants, bien s\u00fbr, tout le monde a re\u00e7u un document&#8230;.      <\/p>\n\n<p>Malheureusement, toutes les inscriptions n\u2019ont pas pu \u00eatre prises en compte, car le nombre de participants est limit\u00e9. Le prochain atelier aura lieu en avril 2014, la date exacte sera annonc\u00e9e ult\u00e9rieurement. Nous sommes heureux de prendre en compte votre pr\u00e9inscription d\u00e8s maintenant !  <\/p>\n\n<figure class=\"wp-block-gallery has-nested-images columns-4 is-cropped wp-block-gallery-1 is-layout-flex wp-block-gallery-is-layout-flex\">\n<figure class=\"wp-block-image size-large\"><img fetchpriority=\"high\" decoding=\"async\" width=\"600\" height=\"402\" data-id=\"1104\" src=\"https:\/\/braun-windturbinen.com\/wp-content\/uploads\/2014\/01\/Workshop-04.2013-015-600x402.jpg\" alt=\"\" class=\"wp-image-1104\" srcset=\"https:\/\/braun-windturbinen.com\/wp-content\/uploads\/2014\/01\/Workshop-04.2013-015-600x402.jpg 600w, https:\/\/braun-windturbinen.com\/wp-content\/uploads\/2014\/01\/Workshop-04.2013-015-150x100.jpg 150w, https:\/\/braun-windturbinen.com\/wp-content\/uploads\/2014\/01\/Workshop-04.2013-015-300x201.jpg 300w, https:\/\/braun-windturbinen.com\/wp-content\/uploads\/2014\/01\/Workshop-04.2013-015.jpg 700w\" sizes=\"(max-width: 600px) 100vw, 600px\" \/><\/figure>\n\n\n\n<figure class=\"wp-block-image size-large\"><img decoding=\"async\" width=\"600\" height=\"450\" data-id=\"1099\" src=\"https:\/\/braun-windturbinen.com\/wp-content\/uploads\/2014\/01\/Workshop-04.2013-010-600x450.jpg\" alt=\"\" class=\"wp-image-1099\" srcset=\"https:\/\/braun-windturbinen.com\/wp-content\/uploads\/2014\/01\/Workshop-04.2013-010-600x450.jpg 600w, https:\/\/braun-windturbinen.com\/wp-content\/uploads\/2014\/01\/Workshop-04.2013-010-150x112.jpg 150w, https:\/\/braun-windturbinen.com\/wp-content\/uploads\/2014\/01\/Workshop-04.2013-010-300x225.jpg 300w, https:\/\/braun-windturbinen.com\/wp-content\/uploads\/2014\/01\/Workshop-04.2013-010.jpg 700w\" sizes=\"(max-width: 600px) 100vw, 600px\" \/><\/figure>\n\n\n\n<figure class=\"wp-block-image size-large\"><img decoding=\"async\" width=\"600\" height=\"450\" data-id=\"1090\" src=\"https:\/\/braun-windturbinen.com\/wp-content\/uploads\/2014\/01\/Workshop-09.2012-016-600x450.jpg\" alt=\"\" class=\"wp-image-1090\" srcset=\"https:\/\/braun-windturbinen.com\/wp-content\/uploads\/2014\/01\/Workshop-09.2012-016-600x450.jpg 600w, https:\/\/braun-windturbinen.com\/wp-content\/uploads\/2014\/01\/Workshop-09.2012-016-150x112.jpg 150w, https:\/\/braun-windturbinen.com\/wp-content\/uploads\/2014\/01\/Workshop-09.2012-016-300x225.jpg 300w, https:\/\/braun-windturbinen.com\/wp-content\/uploads\/2014\/01\/Workshop-09.2012-016.jpg 700w\" sizes=\"(max-width: 600px) 100vw, 600px\" \/><\/figure>\n\n\n\n<figure class=\"wp-block-image size-large\"><img loading=\"lazy\" decoding=\"async\" width=\"600\" height=\"450\" data-id=\"1101\" src=\"https:\/\/braun-windturbinen.com\/wp-content\/uploads\/2014\/01\/Workshop-04.2013-012-600x450.jpg\" alt=\"\" class=\"wp-image-1101\" srcset=\"https:\/\/braun-windturbinen.com\/wp-content\/uploads\/2014\/01\/Workshop-04.2013-012-600x450.jpg 600w, https:\/\/braun-windturbinen.com\/wp-content\/uploads\/2014\/01\/Workshop-04.2013-012-150x112.jpg 150w, https:\/\/braun-windturbinen.com\/wp-content\/uploads\/2014\/01\/Workshop-04.2013-012-300x225.jpg 300w, https:\/\/braun-windturbinen.com\/wp-content\/uploads\/2014\/01\/Workshop-04.2013-012.jpg 700w\" sizes=\"(max-width: 600px) 100vw, 600px\" \/><\/figure>\n<\/figure>\n\n<p>\u00a0<\/p>\n","protected":false},"excerpt":{"rendered":"<p>BRAUN Windturbinen GmbH a fourni des informations d\u2019expert sur le th\u00e8me des petites \u00e9oliennes. Dans cet atelier, les bases de la petite \u00e9nergie \u00e9olienne ont d\u2019abord \u00e9t\u00e9 abord\u00e9es de mani\u00e8re g\u00e9n\u00e9rale. Par la suite, certains th\u00e8mes ont \u00e9t\u00e9 approfondis, tels que les proc\u00e9dures d\u2019approbation, le droit de la construction, la protection des esp\u00e8ces, la s\u00e9lection [&hellip;]<\/p>\n","protected":false},"author":1,"featured_media":0,"comment_status":"closed","ping_status":"open","sticky":false,"template":"","format":"standard","meta":{"footnotes":""},"categories":[341],"tags":[531,530,529,532],"class_list":["post-17018","post","type-post","status-publish","format-standard","hentry","category-non-categorise","tag-conference","tag-formation-fr","tag-formation","tag-journees-partenaires"],"_links":{"self":[{"href":"https:\/\/braun-windturbinen.com\/fr\/wp-json\/wp\/v2\/posts\/17018","targetHints":{"allow":["GET"]}}],"collection":[{"href":"https:\/\/braun-windturbinen.com\/fr\/wp-json\/wp\/v2\/posts"}],"about":[{"href":"https:\/\/braun-windturbinen.com\/fr\/wp-json\/wp\/v2\/types\/post"}],"author":[{"embeddable":true,"href":"https:\/\/braun-windturbinen.com\/fr\/wp-json\/wp\/v2\/users\/1"}],"replies":[{"embeddable":true,"href":"https:\/\/braun-windturbinen.com\/fr\/wp-json\/wp\/v2\/comments?post=17018"}],"version-history":[{"count":1,"href":"https:\/\/braun-windturbinen.com\/fr\/wp-json\/wp\/v2\/posts\/17018\/revisions"}],"predecessor-version":[{"id":17021,"href":"https:\/\/braun-windturbinen.com\/fr\/wp-json\/wp\/v2\/posts\/17018\/revisions\/17021"}],"wp:attachment":[{"href":"https:\/\/braun-windturbinen.com\/fr\/wp-json\/wp\/v2\/media?parent=17018"}],"wp:term":[{"taxonomy":"category","embeddable":true,"href":"https:\/\/braun-windturbinen.com\/fr\/wp-json\/wp\/v2\/categories?post=17018"},{"taxonomy":"post_tag","embeddable":true,"href":"https:\/\/braun-windturbinen.com\/fr\/wp-json\/wp\/v2\/tags?post=17018"}],"curies":[{"name":"wp","href":"https:\/\/api.w.org\/{rel}","templated":true}]}}