{"id":17007,"date":"2014-01-31T17:33:50","date_gmt":"2014-01-31T15:33:50","guid":{"rendered":"https:\/\/braun-windturbinen.com\/lantaris-95-kw-le-nouveau-vaisseau-amiral-de-la-serie-antaris\/"},"modified":"2014-01-31T17:33:50","modified_gmt":"2014-01-31T15:33:50","slug":"lantaris-95-kw-le-nouveau-vaisseau-amiral-de-la-serie-antaris","status":"publish","type":"post","link":"https:\/\/braun-windturbinen.com\/fr\/lantaris-95-kw-le-nouveau-vaisseau-amiral-de-la-serie-antaris\/","title":{"rendered":"L\u2019ANTARIS 9,5 kW, le nouveau vaisseau amiral de la s\u00e9rie ANTARIS"},"content":{"rendered":"<p style=\"text-align: justify;\">Majestueux et silencieux, l\u2019ANTARIS 9,5 kW fait son tour sur notre terrain d\u2019essai dans le nord de l\u2019Allemagne. La turbine fonctionne actuellement avec un onduleur Smart&nbsp;!wind de 10,0 kW en 3 phases parall\u00e8les au r\u00e9seau. \u00c0 l\u2019heure actuelle, les derni\u00e8res am\u00e9liorations sont apport\u00e9es \u00e0 l\u2019\u00e9lectronique de l\u2019onduleur, car les performances sont au-dessus de nos attentes. L\u2019ANTARIS fonctionnera ensuite avec deux onduleurs Smart&nbsp;!wind de 7,5 kW chacun (soit un total de 15,0 kW) dans des endroits favorables au vent. L\u2019ANTARIS 9.5 offre \u00e9galement une protection contre les temp\u00eates gr\u00e2ce \u00e0 la fonction h\u00e9licopt\u00e8re \u00e9prouv\u00e9e et sans usure. Bien que le syst\u00e8me ne fonctionne que sur une base horaire, les rendements quotidiens de 70 kWh ne posent aucun probl\u00e8me. Comme le syst\u00e8me est test\u00e9 \u00e0 ses limites, des valeurs de cr\u00eate de pr\u00e8s de 25,0 kW sont incluses. L\u2019ANTARIS 9.5 souligne de mani\u00e8re impressionnante ses performances. Voir aussi le sch\u00e9ma avec les enregistrements. Le lancement sur le march\u00e9 est pr\u00e9vu pour avril 2014.<\/p>\n<p><a href=\"http:\/\/www.braun-windturbinen.com\/wp-content\/uploads\/antaris-9-5.jpg\" rel=\"lightbox[17007]\"><img decoding=\"async\" class=\"wp-image-1669 alignleft\" alt=\"Antaris-9-5\" src=\"http:\/\/www.braun-windturbinen.com\/wp-content\/uploads\/antaris-9-5.jpg\" width=\"200\" srcset=\"https:\/\/braun-windturbinen.com\/wp-content\/uploads\/antaris-9-5.jpg 1000w, https:\/\/braun-windturbinen.com\/wp-content\/uploads\/antaris-9-5-127x150.jpg 127w, https:\/\/braun-windturbinen.com\/wp-content\/uploads\/antaris-9-5-255x300.jpg 255w, https:\/\/braun-windturbinen.com\/wp-content\/uploads\/antaris-9-5-510x600.jpg 510w\" sizes=\"(max-width: 1000px) 100vw, 1000px\" \/><\/a><\/p>\n","protected":false},"excerpt":{"rendered":"<p>Majestueux et silencieux, l\u2019ANTARIS 9,5 kW fait son tour sur notre terrain d\u2019essai dans le nord de l\u2019Allemagne. La turbine fonctionne actuellement avec un onduleur Smart&nbsp;!wind de 10,0 kW en 3 phases parall\u00e8les au r\u00e9seau. \u00c0 l\u2019heure actuelle, les derni\u00e8res am\u00e9liorations sont apport\u00e9es \u00e0 l\u2019\u00e9lectronique de l\u2019onduleur, car les performances sont au-dessus de nos attentes. [&hellip;]<\/p>\n","protected":false},"author":1,"featured_media":0,"comment_status":"open","ping_status":"open","sticky":false,"template":"","format":"standard","meta":{"footnotes":""},"categories":[363],"tags":[519,442,520],"class_list":["post-17007","post","type-post","status-publish","format-standard","hentry","category-generalites","tag-antaris-9-5kw-fr","tag-operation-dessai","tag-vaisseau-amiral"],"_links":{"self":[{"href":"https:\/\/braun-windturbinen.com\/fr\/wp-json\/wp\/v2\/posts\/17007","targetHints":{"allow":["GET"]}}],"collection":[{"href":"https:\/\/braun-windturbinen.com\/fr\/wp-json\/wp\/v2\/posts"}],"about":[{"href":"https:\/\/braun-windturbinen.com\/fr\/wp-json\/wp\/v2\/types\/post"}],"author":[{"embeddable":true,"href":"https:\/\/braun-windturbinen.com\/fr\/wp-json\/wp\/v2\/users\/1"}],"replies":[{"embeddable":true,"href":"https:\/\/braun-windturbinen.com\/fr\/wp-json\/wp\/v2\/comments?post=17007"}],"version-history":[{"count":0,"href":"https:\/\/braun-windturbinen.com\/fr\/wp-json\/wp\/v2\/posts\/17007\/revisions"}],"wp:attachment":[{"href":"https:\/\/braun-windturbinen.com\/fr\/wp-json\/wp\/v2\/media?parent=17007"}],"wp:term":[{"taxonomy":"category","embeddable":true,"href":"https:\/\/braun-windturbinen.com\/fr\/wp-json\/wp\/v2\/categories?post=17007"},{"taxonomy":"post_tag","embeddable":true,"href":"https:\/\/braun-windturbinen.com\/fr\/wp-json\/wp\/v2\/tags?post=17007"}],"curies":[{"name":"wp","href":"https:\/\/api.w.org\/{rel}","templated":true}]}}