{"id":16962,"date":"2014-01-31T18:22:14","date_gmt":"2014-01-31T16:22:14","guid":{"rendered":"https:\/\/braun-windturbinen.com\/eoliennes-antaris-a-la-cime-des-arbres\/"},"modified":"2014-01-31T18:22:14","modified_gmt":"2014-01-31T16:22:14","slug":"eoliennes-antaris-a-la-cime-des-arbres","status":"publish","type":"post","link":"https:\/\/braun-windturbinen.com\/fr\/eoliennes-antaris-a-la-cime-des-arbres\/","title":{"rendered":"\u00c9oliennes ANTARIS \u00e0 la cime des arbres"},"content":{"rendered":"<div>\n<p>Avec des \u00e9oliennes \u00e0 la cime des arbres, l\u2019architecte fribourgeois Wolfgang Frey intervient dans la discussion sur l\u2019\u00e9nergie \u00e9olienne. \u00c0 titre d\u2019installation d\u2019essai, il a install\u00e9 une petite \u00e9olienne ANTARIS de 3,5 kW sur un sapin de Douglas de pr\u00e8s de 30 m\u00e8tres de haut \u00e0 Freiamt, dans le district d\u2019Emmendingen. C\u2019est possible gr\u00e2ce \u00e0 une lacune juridique dans le r\u00e8glement sur les licences.  <\/p>\n<\/div>\n","protected":false},"excerpt":{"rendered":"<p>Avec des \u00e9oliennes \u00e0 la cime des arbres, l\u2019architecte fribourgeois Wolfgang Frey intervient dans la discussion sur l\u2019\u00e9nergie \u00e9olienne. \u00c0 titre d\u2019installation d\u2019essai, il a install\u00e9 une petite \u00e9olienne ANTARIS de 3,5 kW sur un sapin de Douglas de pr\u00e8s de 30 m\u00e8tres de haut \u00e0 Freiamt, dans le district d\u2019Emmendingen. C\u2019est possible gr\u00e2ce \u00e0 [&hellip;]<\/p>\n","protected":false},"author":1,"featured_media":0,"comment_status":"open","ping_status":"open","sticky":false,"template":"","format":"standard","meta":{"footnotes":""},"categories":[363,341],"tags":[449],"class_list":["post-16962","post","type-post","status-publish","format-standard","hentry","category-generalites","category-non-categorise","tag-petites-eoliennes-a-la-cime-des-arbres"],"_links":{"self":[{"href":"https:\/\/braun-windturbinen.com\/fr\/wp-json\/wp\/v2\/posts\/16962","targetHints":{"allow":["GET"]}}],"collection":[{"href":"https:\/\/braun-windturbinen.com\/fr\/wp-json\/wp\/v2\/posts"}],"about":[{"href":"https:\/\/braun-windturbinen.com\/fr\/wp-json\/wp\/v2\/types\/post"}],"author":[{"embeddable":true,"href":"https:\/\/braun-windturbinen.com\/fr\/wp-json\/wp\/v2\/users\/1"}],"replies":[{"embeddable":true,"href":"https:\/\/braun-windturbinen.com\/fr\/wp-json\/wp\/v2\/comments?post=16962"}],"version-history":[{"count":0,"href":"https:\/\/braun-windturbinen.com\/fr\/wp-json\/wp\/v2\/posts\/16962\/revisions"}],"wp:attachment":[{"href":"https:\/\/braun-windturbinen.com\/fr\/wp-json\/wp\/v2\/media?parent=16962"}],"wp:term":[{"taxonomy":"category","embeddable":true,"href":"https:\/\/braun-windturbinen.com\/fr\/wp-json\/wp\/v2\/categories?post=16962"},{"taxonomy":"post_tag","embeddable":true,"href":"https:\/\/braun-windturbinen.com\/fr\/wp-json\/wp\/v2\/tags?post=16962"}],"curies":[{"name":"wp","href":"https:\/\/api.w.org\/{rel}","templated":true}]}}