{"id":16952,"date":"2014-01-31T18:25:01","date_gmt":"2014-01-31T16:25:01","guid":{"rendered":"https:\/\/braun-windturbinen.com\/certification-antaris-6-0-kw\/"},"modified":"2014-01-31T18:25:01","modified_gmt":"2014-01-31T16:25:01","slug":"certification-antaris-6-0-kw","status":"publish","type":"post","link":"https:\/\/braun-windturbinen.com\/fr\/certification-antaris-6-0-kw\/","title":{"rendered":"Certification ANTARIS 6.0 kW"},"content":{"rendered":"<p>Les derniers essais pour la certification de <strong>l\u2019ANTARIS 6.0 kW<\/strong> au Danemark ont \u00e9t\u00e9 termin\u00e9s avec succ\u00e8s !<br \/>\nL\u2019ANTARIS a r\u00e9ussi ou d\u00e9pass\u00e9 tous les tests de terrain n\u00e9cessaires avec de tr\u00e8s bons r\u00e9sultats<strong>.<\/strong><br \/>\n<strong>Le test de charge pour les lames du r\u00e9pulsif avec 220 kg \/ lame chacune \u00e0 2\/3 de longueur est remarquable<\/strong>.<br \/>\nLes mesures de certification sont donc termin\u00e9es et <strong>l\u2019approbation du pays <\/strong>sera publi\u00e9e dans les prochains jours.<\/p>\n","protected":false},"excerpt":{"rendered":"<p>Les derniers essais pour la certification de l\u2019ANTARIS 6.0 kW au Danemark ont \u00e9t\u00e9 termin\u00e9s avec succ\u00e8s ! L\u2019ANTARIS a r\u00e9ussi ou d\u00e9pass\u00e9 tous les tests de terrain n\u00e9cessaires avec de tr\u00e8s bons r\u00e9sultats. Le test de charge pour les lames du r\u00e9pulsif avec 220 kg \/ lame chacune \u00e0 2\/3 de longueur est remarquable. [&hellip;]<\/p>\n","protected":false},"author":1,"featured_media":0,"comment_status":"open","ping_status":"open","sticky":false,"template":"","format":"standard","meta":{"footnotes":""},"categories":[363,341],"tags":[434,435],"class_list":["post-16952","post","type-post","status-publish","format-standard","hentry","category-generalites","category-non-categorise","tag-antaris-6-5kw-fr","tag-antaris-certification"],"_links":{"self":[{"href":"https:\/\/braun-windturbinen.com\/fr\/wp-json\/wp\/v2\/posts\/16952","targetHints":{"allow":["GET"]}}],"collection":[{"href":"https:\/\/braun-windturbinen.com\/fr\/wp-json\/wp\/v2\/posts"}],"about":[{"href":"https:\/\/braun-windturbinen.com\/fr\/wp-json\/wp\/v2\/types\/post"}],"author":[{"embeddable":true,"href":"https:\/\/braun-windturbinen.com\/fr\/wp-json\/wp\/v2\/users\/1"}],"replies":[{"embeddable":true,"href":"https:\/\/braun-windturbinen.com\/fr\/wp-json\/wp\/v2\/comments?post=16952"}],"version-history":[{"count":0,"href":"https:\/\/braun-windturbinen.com\/fr\/wp-json\/wp\/v2\/posts\/16952\/revisions"}],"wp:attachment":[{"href":"https:\/\/braun-windturbinen.com\/fr\/wp-json\/wp\/v2\/media?parent=16952"}],"wp:term":[{"taxonomy":"category","embeddable":true,"href":"https:\/\/braun-windturbinen.com\/fr\/wp-json\/wp\/v2\/categories?post=16952"},{"taxonomy":"post_tag","embeddable":true,"href":"https:\/\/braun-windturbinen.com\/fr\/wp-json\/wp\/v2\/tags?post=16952"}],"curies":[{"name":"wp","href":"https:\/\/api.w.org\/{rel}","templated":true}]}}