{"id":16698,"date":"2025-03-12T19:37:55","date_gmt":"2025-03-12T17:37:55","guid":{"rendered":"https:\/\/braun-windturbinen.com\/notre-visite-dans-le-schleswig-holstein\/"},"modified":"2025-03-24T15:13:30","modified_gmt":"2025-03-24T13:13:30","slug":"notre-visite-dans-le-schleswig-holstein","status":"publish","type":"post","link":"https:\/\/braun-windturbinen.com\/fr\/notre-visite-dans-le-schleswig-holstein\/","title":{"rendered":"Notre visite dans le Schleswig-Holstein !"},"content":{"rendered":"\n<p>L\u2019Antaris 12kW sur un m\u00e2t de 18m de haut en SH.<\/p>\n\n<p><a href=\"https:\/\/braun-windturbinen.com\/...\/antaris...\/antaris-12-kw\">https:\/\/braun-windturbinen.com\/&#8230;\/antaris&#8230;\/antaris-12-kw<\/a><\/p>\n\n<p>Actuellement, cette \u00e9olienne fonctionne avec le Smart\u00a0!wind.<\/p>\n\n<p>Le <a><\/a>voisin, cependant, re\u00e7oit le nouveau Smart\u00a0!wind+, l\u2019Antaris 12 est d\u00e9j\u00e0 install\u00e9.<\/p>\n\n<p><a href=\"https:\/\/smart-power-electronics.de\/smartwind\" target=\"_blank\" rel=\"noopener\">https:\/\/smart-power-electronics.de\/smartwind<\/a><\/p>\n\n<p>Vous avez des questions ou vous souhaitez en savoir plus sur l\u2019Antaris 12 kW ?<\/p>\n\n<p>Nous serons heureux de vous conseiller et de vous aider \u00e0 trouver la solution adapt\u00e9e \u00e0 vos besoins.<\/p>\n\n<p><em>Joie du vent avec les \u00e9oliennes Antaris !<\/em><\/p>\n\n<p><\/p>\n\n<figure class=\"wp-block-gallery has-nested-images columns-default is-cropped wp-block-gallery-1 is-layout-flex wp-block-gallery-is-layout-flex\">\n<figure class=\"wp-block-image size-large\"><a href=\"https:\/\/braun-windturbinen.com\/wp-content\/uploads\/IMG_6086.jpg\" rel=\"lightbox[16698]\"><img fetchpriority=\"high\" decoding=\"async\" width=\"900\" height=\"750\" data-id=\"10218\" src=\"https:\/\/braun-windturbinen.com\/wp-content\/uploads\/IMG_6086.jpg\" alt=\"\" class=\"wp-image-10218\" srcset=\"https:\/\/braun-windturbinen.com\/wp-content\/uploads\/IMG_6086.jpg 900w, https:\/\/braun-windturbinen.com\/wp-content\/uploads\/IMG_6086-300x250.jpg 300w, https:\/\/braun-windturbinen.com\/wp-content\/uploads\/IMG_6086-150x125.jpg 150w, https:\/\/braun-windturbinen.com\/wp-content\/uploads\/IMG_6086-768x640.jpg 768w\" sizes=\"(max-width: 900px) 100vw, 900px\" \/><\/a><\/figure>\n\n\n\n<figure class=\"wp-block-image size-large\"><a href=\"https:\/\/braun-windturbinen.com\/wp-content\/uploads\/Smartwind-SW10-mit-Dumploads.jpg\" rel=\"lightbox[16698]\"><img decoding=\"async\" width=\"900\" height=\"537\" data-id=\"10219\" src=\"https:\/\/braun-windturbinen.com\/wp-content\/uploads\/Smartwind-SW10-mit-Dumploads.jpg\" alt=\"\" class=\"wp-image-10219\" srcset=\"https:\/\/braun-windturbinen.com\/wp-content\/uploads\/Smartwind-SW10-mit-Dumploads.jpg 900w, https:\/\/braun-windturbinen.com\/wp-content\/uploads\/Smartwind-SW10-mit-Dumploads-300x179.jpg 300w, https:\/\/braun-windturbinen.com\/wp-content\/uploads\/Smartwind-SW10-mit-Dumploads-150x90.jpg 150w, https:\/\/braun-windturbinen.com\/wp-content\/uploads\/Smartwind-SW10-mit-Dumploads-768x458.jpg 768w\" sizes=\"(max-width: 900px) 100vw, 900px\" \/><\/a><\/figure>\n<\/figure>\n\n<figure class=\"wp-block-video\"><video height=\"2160\" style=\"aspect-ratio: 3840 \/ 2160;\" width=\"3840\" controls=\"\" src=\"https:\/\/braun-windturbinen.com\/wp-content\/uploads\/IMG_6084.mov\"><\/video><\/figure>\n","protected":false},"excerpt":{"rendered":"<p>L\u2019Antaris 12kW sur un m\u00e2t de 18m de haut en SH. https:\/\/braun-windturbinen.com\/&#8230;\/antaris&#8230;\/antaris-12-kw Actuellement, cette \u00e9olienne fonctionne avec le Smart\u00a0!wind. Le voisin, cependant, re\u00e7oit le nouveau Smart\u00a0!wind+, l\u2019Antaris 12 est d\u00e9j\u00e0 install\u00e9. https:\/\/smart-power-electronics.de\/smartwind Vous avez des questions ou vous souhaitez en savoir plus sur l\u2019Antaris 12 kW ? Nous serons heureux de vous conseiller et de [&hellip;]<\/p>\n","protected":false},"author":1,"featured_media":16261,"comment_status":"closed","ping_status":"open","sticky":false,"template":"","format":"standard","meta":{"footnotes":""},"categories":[341],"tags":[364,373],"class_list":["post-16698","post","type-post","status-publish","format-standard","has-post-thumbnail","hentry","category-non-categorise","tag-petite-eolienne","tag-petites-eoliennes-antaris"],"_links":{"self":[{"href":"https:\/\/braun-windturbinen.com\/fr\/wp-json\/wp\/v2\/posts\/16698","targetHints":{"allow":["GET"]}}],"collection":[{"href":"https:\/\/braun-windturbinen.com\/fr\/wp-json\/wp\/v2\/posts"}],"about":[{"href":"https:\/\/braun-windturbinen.com\/fr\/wp-json\/wp\/v2\/types\/post"}],"author":[{"embeddable":true,"href":"https:\/\/braun-windturbinen.com\/fr\/wp-json\/wp\/v2\/users\/1"}],"replies":[{"embeddable":true,"href":"https:\/\/braun-windturbinen.com\/fr\/wp-json\/wp\/v2\/comments?post=16698"}],"version-history":[{"count":1,"href":"https:\/\/braun-windturbinen.com\/fr\/wp-json\/wp\/v2\/posts\/16698\/revisions"}],"predecessor-version":[{"id":16700,"href":"https:\/\/braun-windturbinen.com\/fr\/wp-json\/wp\/v2\/posts\/16698\/revisions\/16700"}],"wp:featuredmedia":[{"embeddable":true,"href":"https:\/\/braun-windturbinen.com\/fr\/wp-json\/wp\/v2\/media\/16261"}],"wp:attachment":[{"href":"https:\/\/braun-windturbinen.com\/fr\/wp-json\/wp\/v2\/media?parent=16698"}],"wp:term":[{"taxonomy":"category","embeddable":true,"href":"https:\/\/braun-windturbinen.com\/fr\/wp-json\/wp\/v2\/categories?post=16698"},{"taxonomy":"post_tag","embeddable":true,"href":"https:\/\/braun-windturbinen.com\/fr\/wp-json\/wp\/v2\/tags?post=16698"}],"curies":[{"name":"wp","href":"https:\/\/api.w.org\/{rel}","templated":true}]}}