{"id":16678,"date":"2024-11-26T13:15:11","date_gmt":"2024-11-26T11:15:11","guid":{"rendered":"https:\/\/braun-windturbinen.com\/et-cela-continue-en-baviere\/"},"modified":"2025-03-24T15:13:18","modified_gmt":"2025-03-24T13:13:18","slug":"et-cela-continue-en-baviere","status":"publish","type":"post","link":"https:\/\/braun-windturbinen.com\/fr\/et-cela-continue-en-baviere\/","title":{"rendered":"Et cela continue en Bavi\u00e8re&#8230;"},"content":{"rendered":"\n<p>Ici, <strong>l\u2019Antaris 5,5 kW<\/strong> avec le diam\u00e8tre du r\u00e9pulsif D4,40 m est install\u00e9 sur un m\u00e2t basculant de 15 m de haut en Bavi\u00e8re.<\/p>\n\n<p><a href=\"https:\/\/braun-windturbinen.com\/...\/antari...\/antaris-5-5-kw\">https:\/\/braun-windturbinen.com\/&#8230;\/antari&#8230;\/antaris-5-5-kw<\/a><\/p>\n\n<p>L\u2019Antaris fonctionne en 3 phases parall\u00e8les au TRIO 5.8.<\/p>\n\n<figure class=\"wp-block-embed is-type-wp-embed is-provider-braun-windturbinen-gmbh wp-block-embed-braun-windturbinen-gmbh\"><div class=\"wp-block-embed__wrapper\">\n<blockquote class=\"wp-embedded-content\" data-secret=\"meHvVpOJSY\"><a href=\"https:\/\/braun-windturbinen.com\/fr\/produits\/onduleur\/\">Wind-Wechselrichter<\/a><\/blockquote><iframe class=\"wp-embedded-content\" sandbox=\"allow-scripts\" security=\"restricted\" style=\"position: absolute; visibility: hidden;\" title=\"&#8220;Wind-Wechselrichter&#8221; &#8212; BRAUN Windturbinen GmbH\" src=\"https:\/\/braun-windturbinen.com\/fr\/produits\/onduleur\/embed\/#?secret=4LcPIXRfc5#?secret=meHvVpOJSY\" data-secret=\"meHvVpOJSY\" width=\"600\" height=\"338\" frameborder=\"0\" marginwidth=\"0\" marginheight=\"0\" scrolling=\"no\"><\/iframe>\n<\/div><\/figure>\n\n<p>S\u00e9curit\u00e9 : vent PLC, surveillance V DC, fonction h\u00e9licopt\u00e8re,<\/p>\n\n<p>Groupe \u00e9lectrog\u00e8ne CK7.5 kW<\/p>\n\n<figure class=\"wp-block-embed is-type-wp-embed is-provider-braun-windturbinen-gmbh wp-block-embed-braun-windturbinen-gmbh\"><div class=\"wp-block-embed__wrapper\">\n<blockquote class=\"wp-embedded-content\" data-secret=\"BlzkVdaMgf\"><a href=\"https:\/\/braun-windturbinen.com\/fr\/produits\/generateurs\/\">Generatoren<\/a><\/blockquote><iframe class=\"wp-embedded-content\" sandbox=\"allow-scripts\" security=\"restricted\" style=\"position: absolute; visibility: hidden;\" title=\"&#8220;Generatoren&#8221; &#8212; BRAUN Windturbinen GmbH\" src=\"https:\/\/braun-windturbinen.com\/fr\/produits\/generateurs\/embed\/#?secret=qZqvJ6fy0c#?secret=BlzkVdaMgf\" data-secret=\"BlzkVdaMgf\" width=\"600\" height=\"338\" frameborder=\"0\" marginwidth=\"0\" marginheight=\"0\" scrolling=\"no\"><\/iframe>\n<\/div><\/figure>\n\n<p>Si vous avez des questions sur le projet, n\u2019h\u00e9sitez pas \u00e0 nous contacter, nous nous ferons un plaisir de vous conseiller.<\/p>\n\n<p><em>Joie du vent avec les \u00e9oliennes Antaris !<\/em><\/p>\n\n<p><\/p>\n\n<figure class=\"wp-block-gallery has-nested-images columns-default is-cropped wp-block-gallery-1 is-layout-flex wp-block-gallery-is-layout-flex\">\n<figure class=\"wp-block-image size-large\"><a href=\"https:\/\/braun-windturbinen.com\/wp-content\/uploads\/Montageaufbau-Antaris-5.5-kW.jpeg\" rel=\"lightbox[16678]\"><img fetchpriority=\"high\" decoding=\"async\" width=\"667\" height=\"900\" data-id=\"10147\" src=\"https:\/\/braun-windturbinen.com\/wp-content\/uploads\/Montageaufbau-Antaris-5.5-kW.jpeg\" alt=\"\" class=\"wp-image-10147\" srcset=\"https:\/\/braun-windturbinen.com\/wp-content\/uploads\/Montageaufbau-Antaris-5.5-kW.jpeg 667w, https:\/\/braun-windturbinen.com\/wp-content\/uploads\/Montageaufbau-Antaris-5.5-kW-222x300.jpeg 222w, https:\/\/braun-windturbinen.com\/wp-content\/uploads\/Montageaufbau-Antaris-5.5-kW-111x150.jpeg 111w\" sizes=\"(max-width: 667px) 100vw, 667px\" \/><\/a><\/figure>\n\n\n\n<figure class=\"wp-block-image size-large\"><a href=\"https:\/\/braun-windturbinen.com\/wp-content\/uploads\/Antaris-5.5-kW.jpeg\" rel=\"lightbox[16678]\"><img decoding=\"async\" width=\"721\" height=\"900\" data-id=\"10144\" src=\"https:\/\/braun-windturbinen.com\/wp-content\/uploads\/Antaris-5.5-kW.jpeg\" alt=\"\" class=\"wp-image-10144\" srcset=\"https:\/\/braun-windturbinen.com\/wp-content\/uploads\/Antaris-5.5-kW.jpeg 721w, https:\/\/braun-windturbinen.com\/wp-content\/uploads\/Antaris-5.5-kW-240x300.jpeg 240w, https:\/\/braun-windturbinen.com\/wp-content\/uploads\/Antaris-5.5-kW-120x150.jpeg 120w\" sizes=\"(max-width: 721px) 100vw, 721px\" \/><\/a><\/figure>\n\n\n\n<figure class=\"wp-block-image size-large\"><a href=\"https:\/\/braun-windturbinen.com\/wp-content\/uploads\/Steuerschrank.jpeg\" rel=\"lightbox[16678]\"><img decoding=\"async\" width=\"655\" height=\"900\" data-id=\"10145\" src=\"https:\/\/braun-windturbinen.com\/wp-content\/uploads\/Steuerschrank.jpeg\" alt=\"\" class=\"wp-image-10145\" srcset=\"https:\/\/braun-windturbinen.com\/wp-content\/uploads\/Steuerschrank.jpeg 655w, https:\/\/braun-windturbinen.com\/wp-content\/uploads\/Steuerschrank-218x300.jpeg 218w, https:\/\/braun-windturbinen.com\/wp-content\/uploads\/Steuerschrank-109x150.jpeg 109w\" sizes=\"(max-width: 655px) 100vw, 655px\" \/><\/a><\/figure>\n\n\n\n<figure class=\"wp-block-image size-large\"><a href=\"https:\/\/braun-windturbinen.com\/wp-content\/uploads\/Schrank-mit-TRIO-und-BW.jpeg\" rel=\"lightbox[16678]\"><img loading=\"lazy\" decoding=\"async\" width=\"680\" height=\"900\" data-id=\"10146\" src=\"https:\/\/braun-windturbinen.com\/wp-content\/uploads\/Schrank-mit-TRIO-und-BW.jpeg\" alt=\"\" class=\"wp-image-10146\" srcset=\"https:\/\/braun-windturbinen.com\/wp-content\/uploads\/Schrank-mit-TRIO-und-BW.jpeg 680w, https:\/\/braun-windturbinen.com\/wp-content\/uploads\/Schrank-mit-TRIO-und-BW-227x300.jpeg 227w, https:\/\/braun-windturbinen.com\/wp-content\/uploads\/Schrank-mit-TRIO-und-BW-113x150.jpeg 113w\" sizes=\"(max-width: 680px) 100vw, 680px\" \/><\/a><\/figure>\n<\/figure>\n","protected":false},"excerpt":{"rendered":"<p>Ici, l\u2019Antaris 5,5 kW avec le diam\u00e8tre du r\u00e9pulsif D4,40 m est install\u00e9 sur un m\u00e2t basculant de 15 m de haut en Bavi\u00e8re. https:\/\/braun-windturbinen.com\/&#8230;\/antari&#8230;\/antaris-5-5-kw L\u2019Antaris fonctionne en 3 phases parall\u00e8les au TRIO 5.8. S\u00e9curit\u00e9 : vent PLC, surveillance V DC, fonction h\u00e9licopt\u00e8re, Groupe \u00e9lectrog\u00e8ne CK7.5 kW Si vous avez des questions sur le projet, [&hellip;]<\/p>\n","protected":false},"author":1,"featured_media":16215,"comment_status":"closed","ping_status":"open","sticky":false,"template":"","format":"standard","meta":{"footnotes":""},"categories":[363,341],"tags":[371,404,372,373],"class_list":["post-16678","post","type-post","status-publish","format-standard","has-post-thumbnail","hentry","category-generalites","category-non-categorise","tag-antaris-55-kw","tag-baviere","tag-petites-eoliennes","tag-petites-eoliennes-antaris"],"_links":{"self":[{"href":"https:\/\/braun-windturbinen.com\/fr\/wp-json\/wp\/v2\/posts\/16678","targetHints":{"allow":["GET"]}}],"collection":[{"href":"https:\/\/braun-windturbinen.com\/fr\/wp-json\/wp\/v2\/posts"}],"about":[{"href":"https:\/\/braun-windturbinen.com\/fr\/wp-json\/wp\/v2\/types\/post"}],"author":[{"embeddable":true,"href":"https:\/\/braun-windturbinen.com\/fr\/wp-json\/wp\/v2\/users\/1"}],"replies":[{"embeddable":true,"href":"https:\/\/braun-windturbinen.com\/fr\/wp-json\/wp\/v2\/comments?post=16678"}],"version-history":[{"count":1,"href":"https:\/\/braun-windturbinen.com\/fr\/wp-json\/wp\/v2\/posts\/16678\/revisions"}],"predecessor-version":[{"id":16680,"href":"https:\/\/braun-windturbinen.com\/fr\/wp-json\/wp\/v2\/posts\/16678\/revisions\/16680"}],"wp:featuredmedia":[{"embeddable":true,"href":"https:\/\/braun-windturbinen.com\/fr\/wp-json\/wp\/v2\/media\/16215"}],"wp:attachment":[{"href":"https:\/\/braun-windturbinen.com\/fr\/wp-json\/wp\/v2\/media?parent=16678"}],"wp:term":[{"taxonomy":"category","embeddable":true,"href":"https:\/\/braun-windturbinen.com\/fr\/wp-json\/wp\/v2\/categories?post=16678"},{"taxonomy":"post_tag","embeddable":true,"href":"https:\/\/braun-windturbinen.com\/fr\/wp-json\/wp\/v2\/tags?post=16678"}],"curies":[{"name":"wp","href":"https:\/\/api.w.org\/{rel}","templated":true}]}}