{"id":16650,"date":"2024-09-24T14:34:20","date_gmt":"2024-09-24T12:34:20","guid":{"rendered":"https:\/\/braun-windturbinen.com\/lantaris-12-kw-dans-le-schleswig-holstein\/"},"modified":"2025-03-24T15:13:06","modified_gmt":"2025-03-24T13:13:06","slug":"lantaris-12-kw-dans-le-schleswig-holstein","status":"publish","type":"post","link":"https:\/\/braun-windturbinen.com\/fr\/lantaris-12-kw-dans-le-schleswig-holstein\/","title":{"rendered":"L\u2019Antaris 12 kW dans le Schleswig-Holstein !"},"content":{"rendered":"\n<p>Ici, les deux \u00e9oliennes Antaris de 12 kW fonctionnent d\u00e9sormais sur des m\u00e2ts de 18 m \u00e0 proximit\u00e9 imm\u00e9diate.<\/p>\n\n<p>Dans l\u2019\u00e9olienne actuellement install\u00e9e, la Smart\u00a0!wind+ a \u00e9t\u00e9 install\u00e9e avec le TRIO 10 kW de SMA. <br \/>L\u2019arri\u00e8re fonctionne toujours avec le Smart\u00a0!wind. Les deux \u00e9oliennes fonctionnent en 3 phases parall\u00e8les au r\u00e9seau.  <\/p>\n\n<p>Les param\u00e8tres de s\u00e9curit\u00e9 habituels sur les deux Antaris 12 sont les suivants :  <\/p>\n\n<p><a><\/a>Vent PLC, surveillance V DC, fonction h\u00e9licopt\u00e8re.<\/p>\n\n<p>De plus, l\u2019Antaris 12 dispose d\u2019un bo\u00eetier de freinage install\u00e9.<\/p>\n\n<p>Lorsque le processus de freinage a \u00e9t\u00e9 lanc\u00e9, un court-circuit du g\u00e9n\u00e9rateur a lieu \u00e0 une vitesse r\u00e9glable afin de r\u00e9gler l\u2019\u00e9olienne de mani\u00e8re absolue.<\/p>\n\n<p>Le g\u00e9n\u00e9rateur CK18, une machine de 18 kW, est install\u00e9.<\/p>\n\n<p>Si vous avez des questions sur le projet, n\u2019h\u00e9sitez pas \u00e0 nous contacter, nous nous ferons un plaisir de vous conseiller.<\/p>\n\n<p><em>Joie du vent avec les \u00e9oliennes Antaris !<\/em><\/p>\n\n<p><strong><em>Suppl\u00e9ment:<br \/><\/em><\/strong>\u00c0 partir de 07.2024, la libert\u00e9 proc\u00e9durale s\u2019appliquera aux petites \u00e9oliennes d\u2019une hauteur totale maximale de 15 m.  <\/p>\n\n<figure class=\"wp-block-image size-full\"><img fetchpriority=\"high\" decoding=\"async\" width=\"678\" height=\"900\" src=\"https:\/\/braun-windturbinen.com\/wp-content\/uploads\/Antaris-12-kW-auf-18m-1.jpg\" alt=\"\" class=\"wp-image-10025\" srcset=\"https:\/\/braun-windturbinen.com\/wp-content\/uploads\/Antaris-12-kW-auf-18m-1.jpg 678w, https:\/\/braun-windturbinen.com\/wp-content\/uploads\/Antaris-12-kW-auf-18m-1-226x300.jpg 226w, https:\/\/braun-windturbinen.com\/wp-content\/uploads\/Antaris-12-kW-auf-18m-1-113x150.jpg 113w\" sizes=\"(max-width: 678px) 100vw, 678px\" \/><\/figure>\n","protected":false},"excerpt":{"rendered":"<p>Ici, les deux \u00e9oliennes Antaris de 12 kW fonctionnent d\u00e9sormais sur des m\u00e2ts de 18 m \u00e0 proximit\u00e9 imm\u00e9diate. Dans l\u2019\u00e9olienne actuellement install\u00e9e, la Smart\u00a0!wind+ a \u00e9t\u00e9 install\u00e9e avec le TRIO 10 kW de SMA. L\u2019arri\u00e8re fonctionne toujours avec le Smart\u00a0!wind. Les deux \u00e9oliennes fonctionnent en 3 phases parall\u00e8les au r\u00e9seau. Les param\u00e8tres de s\u00e9curit\u00e9 [&hellip;]<\/p>\n","protected":false},"author":1,"featured_media":16149,"comment_status":"closed","ping_status":"open","sticky":false,"template":"","format":"standard","meta":{"footnotes":""},"categories":[363,341],"tags":[353,372],"class_list":["post-16650","post","type-post","status-publish","format-standard","has-post-thumbnail","hentry","category-generalites","category-non-categorise","tag-antaris-12kw-fr","tag-petites-eoliennes"],"_links":{"self":[{"href":"https:\/\/braun-windturbinen.com\/fr\/wp-json\/wp\/v2\/posts\/16650","targetHints":{"allow":["GET"]}}],"collection":[{"href":"https:\/\/braun-windturbinen.com\/fr\/wp-json\/wp\/v2\/posts"}],"about":[{"href":"https:\/\/braun-windturbinen.com\/fr\/wp-json\/wp\/v2\/types\/post"}],"author":[{"embeddable":true,"href":"https:\/\/braun-windturbinen.com\/fr\/wp-json\/wp\/v2\/users\/1"}],"replies":[{"embeddable":true,"href":"https:\/\/braun-windturbinen.com\/fr\/wp-json\/wp\/v2\/comments?post=16650"}],"version-history":[{"count":1,"href":"https:\/\/braun-windturbinen.com\/fr\/wp-json\/wp\/v2\/posts\/16650\/revisions"}],"predecessor-version":[{"id":16652,"href":"https:\/\/braun-windturbinen.com\/fr\/wp-json\/wp\/v2\/posts\/16650\/revisions\/16652"}],"wp:featuredmedia":[{"embeddable":true,"href":"https:\/\/braun-windturbinen.com\/fr\/wp-json\/wp\/v2\/media\/16149"}],"wp:attachment":[{"href":"https:\/\/braun-windturbinen.com\/fr\/wp-json\/wp\/v2\/media?parent=16650"}],"wp:term":[{"taxonomy":"category","embeddable":true,"href":"https:\/\/braun-windturbinen.com\/fr\/wp-json\/wp\/v2\/categories?post=16650"},{"taxonomy":"post_tag","embeddable":true,"href":"https:\/\/braun-windturbinen.com\/fr\/wp-json\/wp\/v2\/tags?post=16650"}],"curies":[{"name":"wp","href":"https:\/\/api.w.org\/{rel}","templated":true}]}}