{"id":16642,"date":"2024-09-13T11:41:21","date_gmt":"2024-09-13T09:41:21","guid":{"rendered":"https:\/\/braun-windturbinen.com\/voici-une-autre-installation-en-basse-saxe\/"},"modified":"2025-03-24T15:13:05","modified_gmt":"2025-03-24T13:13:05","slug":"voici-une-autre-installation-en-basse-saxe","status":"publish","type":"post","link":"https:\/\/braun-windturbinen.com\/fr\/voici-une-autre-installation-en-basse-saxe\/","title":{"rendered":"Voici une autre installation en Basse-Saxe"},"content":{"rendered":"\n<p>La hauteur totale de 15 m est sans proc\u00e9dure en Nouvelle-\u00c9cosse.<\/p>\n\n<p>L\u2019Antaris 7,5 kW est ici sur une benne basculante de 12m<br \/>dix install\u00e9s.<\/p>\n\n<p>L\u2019\u00e9olienne <a><\/a>fonctionne avec le TRIO 7.5 de FIMER en 3 phases parall\u00e8les au r\u00e9seau.<\/p>\n\n<p>(<a href=\"https:\/\/braun-windturbinen.com\/fr\/produits\/onduleur\/?fbclid=IwZXh0bgNhZW0CMTAAAR0Gw8xnbDINe_l0DUehlfUCLwGAEAJBNtdvT9ctHXiDn08x8ee1_1q18Ps_aem_qjvZesmTuRLj6_HZUk--8A\" rel=\"noreferrer noopener\" target=\"_blank\">https:\/\/braun-windturbinen.com\/produkte\/wind-wechselrichter\/<\/a>)<\/p>\n\n<p><a href=\"https:\/\/braun-windturbinen.com\/...\/antari...\/antaris-7-5-kw\">https:\/\/braun-windturbinen.com\/&#8230;\/antari&#8230;\/antaris-7-5-kw<\/a><\/p>\n\n<p>La surveillance du vent via PLC, ainsi que la surveillance V DC et la fonction h\u00e9licopt\u00e8re maintiennent l\u2019Antaris en s\u00e9curit\u00e9 dans le vent, m\u00eame en cas de temp\u00eates violentes.<\/p>\n\n<p>Le g\u00e9n\u00e9rateur CK11 (11,0 kW) prend en charge la fonction de freinage.<\/p>\n\n<p>Le surplus du r\u00e9seau peut \u00eatre dissip\u00e9 dans la chaleur de l\u2019eau domestique, par exemple via divers syst\u00e8mes de surveillance intelligents.<\/p>\n\n<p>L\u2019\u00e9nergie exc\u00e9dentaire &gt;7,5 kW est convertie en chaleur et dissip\u00e9e via la r\u00e9sistance de freinage de 6,5 kW.  <\/p>\n\n<p>Veuillez ne pas l\u2019installer sur une surface inflammable !<\/p>\n\n<p>M\u00eame si aucune \u00e9tude de sol n\u2019est n\u00e9cessaire pour la libert\u00e9 de proc\u00e9dure, voici notre recommandation \u00e0 tous les futurs \u00ab\u00a0ANTARIS Windm\u00fcller\u00a0\u00bb :<\/p>\n\n<p>En cas de conditions de sol incertaines, faites-le toujours v\u00e9rifier pour \u00eatre du bon c\u00f4t\u00e9.<\/p>\n\n<p>Cela peut \u00eatre fait si n\u00e9cessaire. l\u2019ing\u00e9nieur civil local. <br \/><\/p>\n\n<p>Si vous avez des questions sur le projet, n\u2019h\u00e9sitez pas \u00e0 nous contacter, nous nous ferons un plaisir de vous conseiller.<\/p>\n\n<p><em>Joie du vent avec les \u00e9oliennes Antaris !<\/em><\/p>\n\n<figure class=\"wp-block-gallery has-nested-images columns-default is-cropped wp-block-gallery-1 is-layout-flex wp-block-gallery-is-layout-flex\">\n<figure class=\"wp-block-image size-large\"><a href=\"https:\/\/braun-windturbinen.com\/wp-content\/uploads\/Setzschablone.jpeg\" rel=\"lightbox[16642]\"><img fetchpriority=\"high\" decoding=\"async\" width=\"900\" height=\"355\" data-id=\"10006\" src=\"https:\/\/braun-windturbinen.com\/wp-content\/uploads\/Setzschablone.jpeg\" alt=\"\" class=\"wp-image-10006\" srcset=\"https:\/\/braun-windturbinen.com\/wp-content\/uploads\/Setzschablone.jpeg 900w, https:\/\/braun-windturbinen.com\/wp-content\/uploads\/Setzschablone-300x118.jpeg 300w, https:\/\/braun-windturbinen.com\/wp-content\/uploads\/Setzschablone-150x59.jpeg 150w, https:\/\/braun-windturbinen.com\/wp-content\/uploads\/Setzschablone-768x303.jpeg 768w\" sizes=\"(max-width: 900px) 100vw, 900px\" \/><\/a><\/figure>\n\n\n\n<figure class=\"wp-block-image size-large\"><a href=\"https:\/\/braun-windturbinen.com\/wp-content\/uploads\/Montage-Antaris-7.5.jpeg\" rel=\"lightbox[16642]\"><img decoding=\"async\" width=\"900\" height=\"503\" data-id=\"10002\" src=\"https:\/\/braun-windturbinen.com\/wp-content\/uploads\/Montage-Antaris-7.5.jpeg\" alt=\"\" class=\"wp-image-10002\" srcset=\"https:\/\/braun-windturbinen.com\/wp-content\/uploads\/Montage-Antaris-7.5.jpeg 900w, https:\/\/braun-windturbinen.com\/wp-content\/uploads\/Montage-Antaris-7.5-300x168.jpeg 300w, https:\/\/braun-windturbinen.com\/wp-content\/uploads\/Montage-Antaris-7.5-150x84.jpeg 150w, https:\/\/braun-windturbinen.com\/wp-content\/uploads\/Montage-Antaris-7.5-768x429.jpeg 768w\" sizes=\"(max-width: 900px) 100vw, 900px\" \/><\/a><\/figure>\n\n\n\n<figure class=\"wp-block-image size-large\"><a href=\"https:\/\/braun-windturbinen.com\/wp-content\/uploads\/Aufstellen-12m-Masten.jpeg\" rel=\"lightbox[16642]\"><img decoding=\"async\" width=\"900\" height=\"505\" data-id=\"10005\" src=\"https:\/\/braun-windturbinen.com\/wp-content\/uploads\/Aufstellen-12m-Masten.jpeg\" alt=\"\" class=\"wp-image-10005\" srcset=\"https:\/\/braun-windturbinen.com\/wp-content\/uploads\/Aufstellen-12m-Masten.jpeg 900w, https:\/\/braun-windturbinen.com\/wp-content\/uploads\/Aufstellen-12m-Masten-300x168.jpeg 300w, https:\/\/braun-windturbinen.com\/wp-content\/uploads\/Aufstellen-12m-Masten-150x84.jpeg 150w, https:\/\/braun-windturbinen.com\/wp-content\/uploads\/Aufstellen-12m-Masten-768x431.jpeg 768w\" sizes=\"(max-width: 900px) 100vw, 900px\" \/><\/a><\/figure>\n\n\n\n<figure class=\"wp-block-image size-large\"><a href=\"https:\/\/braun-windturbinen.com\/wp-content\/uploads\/Luftspalt.jpeg\" rel=\"lightbox[16642]\"><img loading=\"lazy\" decoding=\"async\" width=\"900\" height=\"523\" data-id=\"10012\" src=\"https:\/\/braun-windturbinen.com\/wp-content\/uploads\/Luftspalt.jpeg\" alt=\"\" class=\"wp-image-10012\" srcset=\"https:\/\/braun-windturbinen.com\/wp-content\/uploads\/Luftspalt.jpeg 900w, https:\/\/braun-windturbinen.com\/wp-content\/uploads\/Luftspalt-300x174.jpeg 300w, https:\/\/braun-windturbinen.com\/wp-content\/uploads\/Luftspalt-150x87.jpeg 150w, https:\/\/braun-windturbinen.com\/wp-content\/uploads\/Luftspalt-768x446.jpeg 768w\" sizes=\"(max-width: 900px) 100vw, 900px\" \/><\/a><\/figure>\n\n\n\n<figure class=\"wp-block-image size-large\"><a href=\"https:\/\/braun-windturbinen.com\/wp-content\/uploads\/Mast-auf-Ringanker.jpeg\" rel=\"lightbox[16642]\"><img loading=\"lazy\" decoding=\"async\" width=\"900\" height=\"688\" data-id=\"10008\" src=\"https:\/\/braun-windturbinen.com\/wp-content\/uploads\/Mast-auf-Ringanker.jpeg\" alt=\"\" class=\"wp-image-10008\" srcset=\"https:\/\/braun-windturbinen.com\/wp-content\/uploads\/Mast-auf-Ringanker.jpeg 900w, https:\/\/braun-windturbinen.com\/wp-content\/uploads\/Mast-auf-Ringanker-300x229.jpeg 300w, https:\/\/braun-windturbinen.com\/wp-content\/uploads\/Mast-auf-Ringanker-150x115.jpeg 150w, https:\/\/braun-windturbinen.com\/wp-content\/uploads\/Mast-auf-Ringanker-768x587.jpeg 768w\" sizes=\"(max-width: 900px) 100vw, 900px\" \/><\/a><\/figure>\n\n\n\n<figure class=\"wp-block-image size-large\"><a href=\"https:\/\/braun-windturbinen.com\/wp-content\/uploads\/Antaris-7.5-auf-12m-Kippmasten.jpeg\" rel=\"lightbox[16642]\"><img loading=\"lazy\" decoding=\"async\" width=\"508\" height=\"900\" data-id=\"10004\" src=\"https:\/\/braun-windturbinen.com\/wp-content\/uploads\/Antaris-7.5-auf-12m-Kippmasten.jpeg\" alt=\"\" class=\"wp-image-10004\" srcset=\"https:\/\/braun-windturbinen.com\/wp-content\/uploads\/Antaris-7.5-auf-12m-Kippmasten.jpeg 508w, https:\/\/braun-windturbinen.com\/wp-content\/uploads\/Antaris-7.5-auf-12m-Kippmasten-169x300.jpeg 169w, https:\/\/braun-windturbinen.com\/wp-content\/uploads\/Antaris-7.5-auf-12m-Kippmasten-85x150.jpeg 85w\" sizes=\"(max-width: 508px) 100vw, 508px\" \/><\/a><\/figure>\n\n\n\n<figure class=\"wp-block-image size-large\"><a href=\"https:\/\/braun-windturbinen.com\/wp-content\/uploads\/Aufbau-40.jpeg\" rel=\"lightbox[16642]\"><img loading=\"lazy\" decoding=\"async\" width=\"861\" height=\"900\" data-id=\"10009\" src=\"https:\/\/braun-windturbinen.com\/wp-content\/uploads\/Aufbau-40.jpeg\" alt=\"\" class=\"wp-image-10009\" srcset=\"https:\/\/braun-windturbinen.com\/wp-content\/uploads\/Aufbau-40.jpeg 861w, https:\/\/braun-windturbinen.com\/wp-content\/uploads\/Aufbau-40-287x300.jpeg 287w, https:\/\/braun-windturbinen.com\/wp-content\/uploads\/Aufbau-40-144x150.jpeg 144w, https:\/\/braun-windturbinen.com\/wp-content\/uploads\/Aufbau-40-768x803.jpeg 768w\" sizes=\"(max-width: 861px) 100vw, 861px\" \/><\/a><\/figure>\n\n\n\n<figure class=\"wp-block-image size-large\"><a href=\"https:\/\/braun-windturbinen.com\/wp-content\/uploads\/Montage-Generator.jpeg\" rel=\"lightbox[16642]\"><img loading=\"lazy\" decoding=\"async\" width=\"733\" height=\"900\" data-id=\"10003\" src=\"https:\/\/braun-windturbinen.com\/wp-content\/uploads\/Montage-Generator.jpeg\" alt=\"\" class=\"wp-image-10003\" srcset=\"https:\/\/braun-windturbinen.com\/wp-content\/uploads\/Montage-Generator.jpeg 733w, https:\/\/braun-windturbinen.com\/wp-content\/uploads\/Montage-Generator-244x300.jpeg 244w, https:\/\/braun-windturbinen.com\/wp-content\/uploads\/Montage-Generator-122x150.jpeg 122w\" sizes=\"(max-width: 733px) 100vw, 733px\" \/><\/a><\/figure>\n\n\n\n<figure class=\"wp-block-image size-large\"><a href=\"https:\/\/braun-windturbinen.com\/wp-content\/uploads\/CK11.0.jpeg\" rel=\"lightbox[16642]\"><img loading=\"lazy\" decoding=\"async\" width=\"760\" height=\"900\" data-id=\"10013\" src=\"https:\/\/braun-windturbinen.com\/wp-content\/uploads\/CK11.0.jpeg\" alt=\"\" class=\"wp-image-10013\" srcset=\"https:\/\/braun-windturbinen.com\/wp-content\/uploads\/CK11.0.jpeg 760w, https:\/\/braun-windturbinen.com\/wp-content\/uploads\/CK11.0-253x300.jpeg 253w, https:\/\/braun-windturbinen.com\/wp-content\/uploads\/CK11.0-127x150.jpeg 127w\" sizes=\"(max-width: 760px) 100vw, 760px\" \/><\/a><\/figure>\n\n\n\n<figure class=\"wp-block-image size-large\"><a href=\"https:\/\/braun-windturbinen.com\/wp-content\/uploads\/RS485-Anschluss.jpg\" rel=\"lightbox[16642]\"><img loading=\"lazy\" decoding=\"async\" width=\"900\" height=\"634\" data-id=\"10007\" src=\"https:\/\/braun-windturbinen.com\/wp-content\/uploads\/RS485-Anschluss.jpg\" alt=\"\" class=\"wp-image-10007\" srcset=\"https:\/\/braun-windturbinen.com\/wp-content\/uploads\/RS485-Anschluss.jpg 900w, https:\/\/braun-windturbinen.com\/wp-content\/uploads\/RS485-Anschluss-300x211.jpg 300w, https:\/\/braun-windturbinen.com\/wp-content\/uploads\/RS485-Anschluss-150x106.jpg 150w, https:\/\/braun-windturbinen.com\/wp-content\/uploads\/RS485-Anschluss-768x541.jpg 768w\" sizes=\"(max-width: 900px) 100vw, 900px\" \/><\/a><\/figure>\n\n\n\n<figure class=\"wp-block-image size-large\"><a href=\"https:\/\/braun-windturbinen.com\/wp-content\/uploads\/Schrank-mit-BW-TRIO7.5.jpg\" rel=\"lightbox[16642]\"><img loading=\"lazy\" decoding=\"async\" width=\"900\" height=\"560\" data-id=\"10010\" src=\"https:\/\/braun-windturbinen.com\/wp-content\/uploads\/Schrank-mit-BW-TRIO7.5.jpg\" alt=\"\" class=\"wp-image-10010\" srcset=\"https:\/\/braun-windturbinen.com\/wp-content\/uploads\/Schrank-mit-BW-TRIO7.5.jpg 900w, https:\/\/braun-windturbinen.com\/wp-content\/uploads\/Schrank-mit-BW-TRIO7.5-300x187.jpg 300w, https:\/\/braun-windturbinen.com\/wp-content\/uploads\/Schrank-mit-BW-TRIO7.5-150x93.jpg 150w, https:\/\/braun-windturbinen.com\/wp-content\/uploads\/Schrank-mit-BW-TRIO7.5-768x478.jpg 768w\" sizes=\"(max-width: 900px) 100vw, 900px\" \/><\/a><\/figure>\n\n\n\n<figure class=\"wp-block-image size-large\"><a href=\"https:\/\/braun-windturbinen.com\/wp-content\/uploads\/Geno-kurzschlussschalter.jpg\" rel=\"lightbox[16642]\"><img loading=\"lazy\" decoding=\"async\" width=\"894\" height=\"900\" data-id=\"10011\" src=\"https:\/\/braun-windturbinen.com\/wp-content\/uploads\/Geno-kurzschlussschalter.jpg\" alt=\"\" class=\"wp-image-10011\" srcset=\"https:\/\/braun-windturbinen.com\/wp-content\/uploads\/Geno-kurzschlussschalter.jpg 894w, https:\/\/braun-windturbinen.com\/wp-content\/uploads\/Geno-kurzschlussschalter-298x300.jpg 298w, https:\/\/braun-windturbinen.com\/wp-content\/uploads\/Geno-kurzschlussschalter-150x150.jpg 150w, https:\/\/braun-windturbinen.com\/wp-content\/uploads\/Geno-kurzschlussschalter-768x773.jpg 768w\" sizes=\"(max-width: 894px) 100vw, 894px\" \/><\/a><\/figure>\n<\/figure>\n","protected":false},"excerpt":{"rendered":"<p>La hauteur totale de 15 m est sans proc\u00e9dure en Nouvelle-\u00c9cosse. L\u2019Antaris 7,5 kW est ici sur une benne basculante de 12mdix install\u00e9s. L\u2019\u00e9olienne fonctionne avec le TRIO 7.5 de FIMER en 3 phases parall\u00e8les au r\u00e9seau. (https:\/\/braun-windturbinen.com\/produkte\/wind-wechselrichter\/) https:\/\/braun-windturbinen.com\/&#8230;\/antari&#8230;\/antaris-7-5-kw La surveillance du vent via PLC, ainsi que la surveillance V DC et la fonction h\u00e9licopt\u00e8re [&hellip;]<\/p>\n","protected":false},"author":1,"featured_media":16135,"comment_status":"closed","ping_status":"open","sticky":false,"template":"","format":"standard","meta":{"footnotes":""},"categories":[363,341],"tags":[365,394,373,395],"class_list":["post-16642","post","type-post","status-publish","format-standard","has-post-thumbnail","hentry","category-generalites","category-non-categorise","tag-antaris-7-5kw-fr","tag-fonctionnement-en-parallele-du-reseau","tag-petites-eoliennes-antaris","tag-trio-raffermissant-7-5"],"_links":{"self":[{"href":"https:\/\/braun-windturbinen.com\/fr\/wp-json\/wp\/v2\/posts\/16642","targetHints":{"allow":["GET"]}}],"collection":[{"href":"https:\/\/braun-windturbinen.com\/fr\/wp-json\/wp\/v2\/posts"}],"about":[{"href":"https:\/\/braun-windturbinen.com\/fr\/wp-json\/wp\/v2\/types\/post"}],"author":[{"embeddable":true,"href":"https:\/\/braun-windturbinen.com\/fr\/wp-json\/wp\/v2\/users\/1"}],"replies":[{"embeddable":true,"href":"https:\/\/braun-windturbinen.com\/fr\/wp-json\/wp\/v2\/comments?post=16642"}],"version-history":[{"count":1,"href":"https:\/\/braun-windturbinen.com\/fr\/wp-json\/wp\/v2\/posts\/16642\/revisions"}],"predecessor-version":[{"id":16644,"href":"https:\/\/braun-windturbinen.com\/fr\/wp-json\/wp\/v2\/posts\/16642\/revisions\/16644"}],"wp:featuredmedia":[{"embeddable":true,"href":"https:\/\/braun-windturbinen.com\/fr\/wp-json\/wp\/v2\/media\/16135"}],"wp:attachment":[{"href":"https:\/\/braun-windturbinen.com\/fr\/wp-json\/wp\/v2\/media?parent=16642"}],"wp:term":[{"taxonomy":"category","embeddable":true,"href":"https:\/\/braun-windturbinen.com\/fr\/wp-json\/wp\/v2\/categories?post=16642"},{"taxonomy":"post_tag","embeddable":true,"href":"https:\/\/braun-windturbinen.com\/fr\/wp-json\/wp\/v2\/tags?post=16642"}],"curies":[{"name":"wp","href":"https:\/\/api.w.org\/{rel}","templated":true}]}}