{"id":16618,"date":"2024-05-14T10:38:44","date_gmt":"2024-05-14T08:38:44","guid":{"rendered":"https:\/\/braun-windturbinen.com\/lantaris-3-5-en-france\/"},"modified":"2025-03-24T15:12:42","modified_gmt":"2025-03-24T13:12:42","slug":"lantaris-3-5-en-france","status":"publish","type":"post","link":"https:\/\/braun-windturbinen.com\/fr\/lantaris-3-5-en-france\/","title":{"rendered":"L\u2019Antaris 3.5 en France !"},"content":{"rendered":"\n<p>Ici, l\u2019Antaris 3,5 kW fonctionne sur un m\u00e2t basculant de 12m de haut.<\/p>\n\n<p>L\u2019\u00e9olienne fonctionne en 1-phase parall\u00e8le au r\u00e9seau avec l\u2019UNO 4.0 kW, dans un syst\u00e8me hybride avec un syst\u00e8me PV.<\/p>\n\n<p>L\u2019installation a \u00e9t\u00e9 r\u00e9alis\u00e9e par notre distributeur pour FR : <a href=\"https:\/\/l.facebook.com\/l.php?u=https%3A%2F%2Fwww.diwatt.fr%2F%3Ffbclid%3DIwZXh0bgNhZW0CMTAAAR20vswltI08XSDR1HYv9AW3Cp_qFPD0qYyVvqD3f-kZbZSPNBNwkJNuVIw_aem_ZmFrZWR1bW15MTZieXRlcw&amp;h=AT3brxrQ5CjXEb1nQUmgozMqu9WmtPbEFt9_HyxTFClHeCbl_xpB1nZeivnhF3tiOLGeI_jr7NGDqg4iVsS3mVsBHrnwlvnDvsXYuxNOjcypiNSmCsunJiQlNtPnVajwDHhFOcgC02U62xmps4Ug&amp;__tn__=-UK-R&amp;c%5B0%5D=AT0UQS6aQEA8eIMTGs9u9NCqyegPz8IofhAn5HrtOv8LCxwin2DRNz0HfDmv16YDWt9uN9MrqIaHYW1Klll0uwduAKDTXUgoc85BG60-aPPDy-lUFZ9uvPZvfoIjIGb2ugMe8tDTPS2ogSScArI8E71tC_jygbJoG0OUuj6GAsiP4YhULhqacNpnhiuOXpOlA9n3pmqRlPtFsK_gZsLiZ_mO2TYhW-HJIimROg\" rel=\"noreferrer noopener\" target=\"_blank\">https:\/\/www.diwatt.fr\/<\/a><br \/><\/p>\n\n<p>Si vous <a><\/a>avez des questions sur le projet, n\u2019h\u00e9sitez pas \u00e0 nous contacter, nous nous ferons un plaisir de vous conseiller.<\/p>\n\n<p><em>Joie du vent avec les \u00e9oliennes Antaris !<\/em><\/p>\n\n<p><\/p>\n\n<figure class=\"wp-block-gallery has-nested-images columns-default is-cropped wp-block-gallery-1 is-layout-flex wp-block-gallery-is-layout-flex\">\n<figure class=\"wp-block-image size-large\"><img fetchpriority=\"high\" decoding=\"async\" width=\"900\" height=\"749\" data-id=\"9818\" src=\"https:\/\/braun-windturbinen.com\/wp-content\/uploads\/Antaris-3.5-kW.jpeg\" alt=\"\" class=\"wp-image-9818\" srcset=\"https:\/\/braun-windturbinen.com\/wp-content\/uploads\/Antaris-3.5-kW.jpeg 900w, https:\/\/braun-windturbinen.com\/wp-content\/uploads\/Antaris-3.5-kW-300x250.jpeg 300w, https:\/\/braun-windturbinen.com\/wp-content\/uploads\/Antaris-3.5-kW-150x125.jpeg 150w, https:\/\/braun-windturbinen.com\/wp-content\/uploads\/Antaris-3.5-kW-768x639.jpeg 768w\" sizes=\"(max-width: 900px) 100vw, 900px\" \/><\/figure>\n\n\n\n<figure class=\"wp-block-image size-large\"><img decoding=\"async\" width=\"900\" height=\"604\" data-id=\"9820\" src=\"https:\/\/braun-windturbinen.com\/wp-content\/uploads\/Antaris-3.5-kW-mit-12m-KIppmasten-1.jpeg\" alt=\"\" class=\"wp-image-9820\" srcset=\"https:\/\/braun-windturbinen.com\/wp-content\/uploads\/Antaris-3.5-kW-mit-12m-KIppmasten-1.jpeg 900w, https:\/\/braun-windturbinen.com\/wp-content\/uploads\/Antaris-3.5-kW-mit-12m-KIppmasten-1-300x201.jpeg 300w, https:\/\/braun-windturbinen.com\/wp-content\/uploads\/Antaris-3.5-kW-mit-12m-KIppmasten-1-150x101.jpeg 150w, https:\/\/braun-windturbinen.com\/wp-content\/uploads\/Antaris-3.5-kW-mit-12m-KIppmasten-1-768x515.jpeg 768w\" sizes=\"(max-width: 900px) 100vw, 900px\" \/><\/figure>\n\n\n\n<figure class=\"wp-block-image size-full\"><img decoding=\"async\" width=\"900\" height=\"778\" data-id=\"9819\" src=\"https:\/\/braun-windturbinen.com\/wp-content\/uploads\/DIWATT.jpeg\" alt=\"\" class=\"wp-image-9819\" srcset=\"https:\/\/braun-windturbinen.com\/wp-content\/uploads\/DIWATT.jpeg 900w, https:\/\/braun-windturbinen.com\/wp-content\/uploads\/DIWATT-300x259.jpeg 300w, https:\/\/braun-windturbinen.com\/wp-content\/uploads\/DIWATT-150x130.jpeg 150w, https:\/\/braun-windturbinen.com\/wp-content\/uploads\/DIWATT-768x664.jpeg 768w\" sizes=\"(max-width: 900px) 100vw, 900px\" \/><\/figure>\n<\/figure>\n","protected":false},"excerpt":{"rendered":"<p>Ici, l\u2019Antaris 3,5 kW fonctionne sur un m\u00e2t basculant de 12m de haut. L\u2019\u00e9olienne fonctionne en 1-phase parall\u00e8le au r\u00e9seau avec l\u2019UNO 4.0 kW, dans un syst\u00e8me hybride avec un syst\u00e8me PV. L\u2019installation a \u00e9t\u00e9 r\u00e9alis\u00e9e par notre distributeur pour FR : https:\/\/www.diwatt.fr\/ Si vous avez des questions sur le projet, n\u2019h\u00e9sitez pas \u00e0 nous [&hellip;]<\/p>\n","protected":false},"author":1,"featured_media":16019,"comment_status":"closed","ping_status":"open","sticky":false,"template":"","format":"standard","meta":{"footnotes":""},"categories":[363,341],"tags":[374,364,376],"class_list":["post-16618","post","type-post","status-publish","format-standard","has-post-thumbnail","hentry","category-generalites","category-non-categorise","tag-antaris-3-5kw-fr","tag-petite-eolienne","tag-systeme-hybride-avec-photovoltaique"],"_links":{"self":[{"href":"https:\/\/braun-windturbinen.com\/fr\/wp-json\/wp\/v2\/posts\/16618","targetHints":{"allow":["GET"]}}],"collection":[{"href":"https:\/\/braun-windturbinen.com\/fr\/wp-json\/wp\/v2\/posts"}],"about":[{"href":"https:\/\/braun-windturbinen.com\/fr\/wp-json\/wp\/v2\/types\/post"}],"author":[{"embeddable":true,"href":"https:\/\/braun-windturbinen.com\/fr\/wp-json\/wp\/v2\/users\/1"}],"replies":[{"embeddable":true,"href":"https:\/\/braun-windturbinen.com\/fr\/wp-json\/wp\/v2\/comments?post=16618"}],"version-history":[{"count":1,"href":"https:\/\/braun-windturbinen.com\/fr\/wp-json\/wp\/v2\/posts\/16618\/revisions"}],"predecessor-version":[{"id":16620,"href":"https:\/\/braun-windturbinen.com\/fr\/wp-json\/wp\/v2\/posts\/16618\/revisions\/16620"}],"wp:featuredmedia":[{"embeddable":true,"href":"https:\/\/braun-windturbinen.com\/fr\/wp-json\/wp\/v2\/media\/16019"}],"wp:attachment":[{"href":"https:\/\/braun-windturbinen.com\/fr\/wp-json\/wp\/v2\/media?parent=16618"}],"wp:term":[{"taxonomy":"category","embeddable":true,"href":"https:\/\/braun-windturbinen.com\/fr\/wp-json\/wp\/v2\/categories?post=16618"},{"taxonomy":"post_tag","embeddable":true,"href":"https:\/\/braun-windturbinen.com\/fr\/wp-json\/wp\/v2\/tags?post=16618"}],"curies":[{"name":"wp","href":"https:\/\/api.w.org\/{rel}","templated":true}]}}