{"id":16615,"date":"2024-06-18T10:50:38","date_gmt":"2024-06-18T08:50:38","guid":{"rendered":"https:\/\/braun-windturbinen.com\/continuons-avec-les-installations-cette-fois-aux-pays-bas\/"},"modified":"2025-03-24T15:12:42","modified_gmt":"2025-03-24T13:12:42","slug":"continuons-avec-les-installations-cette-fois-aux-pays-bas","status":"publish","type":"post","link":"https:\/\/braun-windturbinen.com\/fr\/continuons-avec-les-installations-cette-fois-aux-pays-bas\/","title":{"rendered":"Continuons avec les installations &#8211; cette fois aux Pays-Bas"},"content":{"rendered":"\n<p>Ici l\u2019Antaris 5.5 kW avec le r\u00e9pulsif D4.40m<\/p>\n\n<p><a href=\"https:\/\/braun-windturbinen.com\/...\/antari...\/antaris-5-5-kw\">https:\/\/braun-windturbinen.com\/&#8230;\/antari&#8230;\/antaris-5-5-kw<\/a><\/p>\n\n<p>L\u2019\u00e9olienne est install\u00e9e sur un m\u00e2t en treillis de 12 m de haut.<\/p>\n\n<p>Le <a><\/a>m\u00e2t peut \u00eatre inclin\u00e9 sur place et via l\u2019arbre de jute.<\/p>\n\n<p>L\u2019Antaris 5.5 fonctionne en 3 phases en parall\u00e8le avec le TRIO 5.5.<\/p>\n\n<figure class=\"wp-block-embed is-type-wp-embed is-provider-braun-windturbinen-gmbh wp-block-embed-braun-windturbinen-gmbh\"><div class=\"wp-block-embed__wrapper\">\n<blockquote class=\"wp-embedded-content\" data-secret=\"k21mCTV9tM\"><a href=\"https:\/\/braun-windturbinen.com\/fr\/produits\/onduleur\/\">Wind-Wechselrichter<\/a><\/blockquote><iframe class=\"wp-embedded-content\" sandbox=\"allow-scripts\" security=\"restricted\" style=\"position: absolute; visibility: hidden;\" title=\"&#8220;Wind-Wechselrichter&#8221; &#8212; BRAUN Windturbinen GmbH\" src=\"https:\/\/braun-windturbinen.com\/fr\/produits\/onduleur\/embed\/#?secret=yO6Pwh0lXo#?secret=k21mCTV9tM\" data-secret=\"k21mCTV9tM\" width=\"600\" height=\"338\" frameborder=\"0\" marginwidth=\"0\" marginheight=\"0\" scrolling=\"no\"><\/iframe>\n<\/div><\/figure>\n\n<p>L\u2019Antaris sert ici de projet \u00e9tudiant :<\/p>\n\n<p><a href=\"https:\/\/www.hanze.nl\/de\" target=\"_blank\" rel=\"noopener\">https:\/\/www.hanze.nl\/de<\/a><\/p>\n\n<p>L\u2019installation a \u00e9t\u00e9 prise en charge par notre partenaire commercial pour les Pays-Bas : <a href=\"https:\/\/www.windmolensopmaat.nl\/de\/kontakt\/?fbclid=IwZXh0bgNhZW0CMTAAAR2pS15_hXIXKbBoUmj0QcD-5Qo6-XIfuAH45-O6OpmLEn5LJLyqirv-KBU_aem_ZmFrZWR1bW15MTZieXRlcw\" rel=\"noreferrer noopener\" target=\"_blank\">https:\/\/www.windmolensopmaat.nl\/de\/kontakt\/<\/a><\/p>\n\n<p>Un grand merci au chef de projet Teun Hulst !<\/p>\n\n<p>Les param\u00e8tres de s\u00e9curit\u00e9 habituels sont les suivants :  <\/p>\n\n<p>Surveillance du vent PLC, de la vitesse et du VDC, fonction h\u00e9licopt\u00e8re.<\/p>\n\n<p>Et oui, la norme de qualit\u00e9 s\u2019applique toujours \u00e0 nous : Made in Germany !<\/p>\n\n<p><\/p>\n\n<p>Si vous avez des questions sur le projet, n\u2019h\u00e9sitez pas \u00e0 nous contacter, nous nous ferons un plaisir de vous conseiller.  <\/p>\n\n<p><em>Joie du vent avec les \u00e9oliennes Antaris !<\/em><\/p>\n\n<figure class=\"wp-block-gallery has-nested-images columns-default is-cropped wp-block-gallery-1 is-layout-flex wp-block-gallery-is-layout-flex\">\n<figure class=\"wp-block-image size-large\"><img fetchpriority=\"high\" decoding=\"async\" width=\"900\" height=\"640\" data-id=\"9833\" src=\"https:\/\/braun-windturbinen.com\/wp-content\/uploads\/Antaris-5.5-auf-Kippmasten.jpg\" alt=\"\" class=\"wp-image-9833\" srcset=\"https:\/\/braun-windturbinen.com\/wp-content\/uploads\/Antaris-5.5-auf-Kippmasten.jpg 900w, https:\/\/braun-windturbinen.com\/wp-content\/uploads\/Antaris-5.5-auf-Kippmasten-300x213.jpg 300w, https:\/\/braun-windturbinen.com\/wp-content\/uploads\/Antaris-5.5-auf-Kippmasten-150x107.jpg 150w, https:\/\/braun-windturbinen.com\/wp-content\/uploads\/Antaris-5.5-auf-Kippmasten-768x546.jpg 768w\" sizes=\"(max-width: 900px) 100vw, 900px\" \/><\/figure>\n\n\n\n<figure class=\"wp-block-image size-large\"><img decoding=\"async\" width=\"900\" height=\"582\" data-id=\"9831\" src=\"https:\/\/braun-windturbinen.com\/wp-content\/uploads\/Generatormontage-CK7.5.jpg\" alt=\"\" class=\"wp-image-9831\" srcset=\"https:\/\/braun-windturbinen.com\/wp-content\/uploads\/Generatormontage-CK7.5.jpg 900w, https:\/\/braun-windturbinen.com\/wp-content\/uploads\/Generatormontage-CK7.5-300x194.jpg 300w, https:\/\/braun-windturbinen.com\/wp-content\/uploads\/Generatormontage-CK7.5-150x97.jpg 150w, https:\/\/braun-windturbinen.com\/wp-content\/uploads\/Generatormontage-CK7.5-768x497.jpg 768w\" sizes=\"(max-width: 900px) 100vw, 900px\" \/><\/figure>\n\n\n\n<figure class=\"wp-block-image size-large\"><img decoding=\"async\" width=\"705\" height=\"900\" data-id=\"9832\" src=\"https:\/\/braun-windturbinen.com\/wp-content\/uploads\/Installationsfirma.jpg\" alt=\"\" class=\"wp-image-9832\" srcset=\"https:\/\/braun-windturbinen.com\/wp-content\/uploads\/Installationsfirma.jpg 705w, https:\/\/braun-windturbinen.com\/wp-content\/uploads\/Installationsfirma-235x300.jpg 235w, https:\/\/braun-windturbinen.com\/wp-content\/uploads\/Installationsfirma-118x150.jpg 118w\" sizes=\"(max-width: 705px) 100vw, 705px\" \/><\/figure>\n\n\n\n<figure class=\"wp-block-image size-large\"><img loading=\"lazy\" decoding=\"async\" width=\"477\" height=\"900\" data-id=\"9834\" src=\"https:\/\/braun-windturbinen.com\/wp-content\/uploads\/Schluesseluebergabe.jpg\" alt=\"\" class=\"wp-image-9834\" srcset=\"https:\/\/braun-windturbinen.com\/wp-content\/uploads\/Schluesseluebergabe.jpg 477w, https:\/\/braun-windturbinen.com\/wp-content\/uploads\/Schluesseluebergabe-159x300.jpg 159w, https:\/\/braun-windturbinen.com\/wp-content\/uploads\/Schluesseluebergabe-80x150.jpg 80w\" sizes=\"(max-width: 477px) 100vw, 477px\" \/><\/figure>\n\n\n\n<figure class=\"wp-block-image size-large\"><img loading=\"lazy\" decoding=\"async\" width=\"900\" height=\"479\" data-id=\"9836\" src=\"https:\/\/braun-windturbinen.com\/wp-content\/uploads\/Montageaufbau-Antaris-5.5.jpg\" alt=\"\" class=\"wp-image-9836\" srcset=\"https:\/\/braun-windturbinen.com\/wp-content\/uploads\/Montageaufbau-Antaris-5.5.jpg 900w, https:\/\/braun-windturbinen.com\/wp-content\/uploads\/Montageaufbau-Antaris-5.5-300x160.jpg 300w, https:\/\/braun-windturbinen.com\/wp-content\/uploads\/Montageaufbau-Antaris-5.5-150x80.jpg 150w, https:\/\/braun-windturbinen.com\/wp-content\/uploads\/Montageaufbau-Antaris-5.5-768x409.jpg 768w\" sizes=\"(max-width: 900px) 100vw, 900px\" \/><\/figure>\n\n\n\n<figure class=\"wp-block-image size-large\"><img loading=\"lazy\" decoding=\"async\" width=\"813\" height=\"900\" data-id=\"9837\" src=\"https:\/\/braun-windturbinen.com\/wp-content\/uploads\/Kippmasten-mit-Juetbaum.jpg\" alt=\"\" class=\"wp-image-9837\" srcset=\"https:\/\/braun-windturbinen.com\/wp-content\/uploads\/Kippmasten-mit-Juetbaum.jpg 813w, https:\/\/braun-windturbinen.com\/wp-content\/uploads\/Kippmasten-mit-Juetbaum-271x300.jpg 271w, https:\/\/braun-windturbinen.com\/wp-content\/uploads\/Kippmasten-mit-Juetbaum-136x150.jpg 136w, https:\/\/braun-windturbinen.com\/wp-content\/uploads\/Kippmasten-mit-Juetbaum-768x850.jpg 768w\" sizes=\"(max-width: 813px) 100vw, 813px\" \/><\/figure>\n\n\n\n<figure class=\"wp-block-image size-large\"><img loading=\"lazy\" decoding=\"async\" width=\"900\" height=\"329\" data-id=\"9835\" src=\"https:\/\/braun-windturbinen.com\/wp-content\/uploads\/Elektronik-mit-Schrank-TRIO-5.8-BW.jpg\" alt=\"\" class=\"wp-image-9835\" srcset=\"https:\/\/braun-windturbinen.com\/wp-content\/uploads\/Elektronik-mit-Schrank-TRIO-5.8-BW.jpg 900w, https:\/\/braun-windturbinen.com\/wp-content\/uploads\/Elektronik-mit-Schrank-TRIO-5.8-BW-300x110.jpg 300w, https:\/\/braun-windturbinen.com\/wp-content\/uploads\/Elektronik-mit-Schrank-TRIO-5.8-BW-150x55.jpg 150w, https:\/\/braun-windturbinen.com\/wp-content\/uploads\/Elektronik-mit-Schrank-TRIO-5.8-BW-768x281.jpg 768w\" sizes=\"(max-width: 900px) 100vw, 900px\" \/><\/figure>\n<\/figure>\n\n<figure class=\"wp-block-video\"><video height=\"848\" style=\"aspect-ratio: 480 \/ 848;\" width=\"480\" controls=\"\" src=\"https:\/\/braun-windturbinen.com\/wp-content\/uploads\/VIDEO-2024-06-12-12-29-01.mp4\"><\/video><\/figure>\n","protected":false},"excerpt":{"rendered":"<p>Ici l\u2019Antaris 5.5 kW avec le r\u00e9pulsif D4.40m https:\/\/braun-windturbinen.com\/&#8230;\/antari&#8230;\/antaris-5-5-kw L\u2019\u00e9olienne est install\u00e9e sur un m\u00e2t en treillis de 12 m de haut. Le m\u00e2t peut \u00eatre inclin\u00e9 sur place et via l\u2019arbre de jute. L\u2019Antaris 5.5 fonctionne en 3 phases en parall\u00e8le avec le TRIO 5.5. L\u2019Antaris sert ici de projet \u00e9tudiant : https:\/\/www.hanze.nl\/de L\u2019installation [&hellip;]<\/p>\n","protected":false},"author":1,"featured_media":16039,"comment_status":"closed","ping_status":"open","sticky":false,"template":"","format":"standard","meta":{"footnotes":""},"categories":[363,341],"tags":[371,372,373],"class_list":["post-16615","post","type-post","status-publish","format-standard","has-post-thumbnail","hentry","category-generalites","category-non-categorise","tag-antaris-55-kw","tag-petites-eoliennes","tag-petites-eoliennes-antaris"],"_links":{"self":[{"href":"https:\/\/braun-windturbinen.com\/fr\/wp-json\/wp\/v2\/posts\/16615","targetHints":{"allow":["GET"]}}],"collection":[{"href":"https:\/\/braun-windturbinen.com\/fr\/wp-json\/wp\/v2\/posts"}],"about":[{"href":"https:\/\/braun-windturbinen.com\/fr\/wp-json\/wp\/v2\/types\/post"}],"author":[{"embeddable":true,"href":"https:\/\/braun-windturbinen.com\/fr\/wp-json\/wp\/v2\/users\/1"}],"replies":[{"embeddable":true,"href":"https:\/\/braun-windturbinen.com\/fr\/wp-json\/wp\/v2\/comments?post=16615"}],"version-history":[{"count":1,"href":"https:\/\/braun-windturbinen.com\/fr\/wp-json\/wp\/v2\/posts\/16615\/revisions"}],"predecessor-version":[{"id":16617,"href":"https:\/\/braun-windturbinen.com\/fr\/wp-json\/wp\/v2\/posts\/16615\/revisions\/16617"}],"wp:featuredmedia":[{"embeddable":true,"href":"https:\/\/braun-windturbinen.com\/fr\/wp-json\/wp\/v2\/media\/16039"}],"wp:attachment":[{"href":"https:\/\/braun-windturbinen.com\/fr\/wp-json\/wp\/v2\/media?parent=16615"}],"wp:term":[{"taxonomy":"category","embeddable":true,"href":"https:\/\/braun-windturbinen.com\/fr\/wp-json\/wp\/v2\/categories?post=16615"},{"taxonomy":"post_tag","embeddable":true,"href":"https:\/\/braun-windturbinen.com\/fr\/wp-json\/wp\/v2\/tags?post=16615"}],"curies":[{"name":"wp","href":"https:\/\/api.w.org\/{rel}","templated":true}]}}